{"id":43500,"date":"2017-10-03T10:03:34","date_gmt":"2017-10-03T08:03:34","guid":{"rendered":"https:\/\/www.gartenhaus.com\/magazin\/balkon-zum-wintergarten-umbauen\/"},"modified":"2025-11-19T09:21:19","modified_gmt":"2025-11-19T08:21:19","slug":"balkon-zum-wintergarten-umbauen","status":"publish","type":"post","link":"https:\/\/www.gartenhaus.at\/magazin\/balkon-zum-wintergarten-umbauen\/","title":{"rendered":"Balkon zum Wintergarten umbauen: So gehst du bei Planung bis Einrichtung vor"},"content":{"rendered":"<p>Du nutzt deinen Balkon aufgrund von schlechtem Wetter nur selten und m\u00f6chtest diesen in einen Wintergarten umbauen? Dabei ist mehr zu beachten als diesen nur zu verglasen. Unsere Checkliste und DIY-Tipps zeigen, wie du bei Planung und beim Umbau am besten vorgehst und was du rechtlich beachten solltest.<!--more--><\/p>\n<h2>Vom Balkon zum Wintergarten: Auf die Planung kommt es an!<\/h2>\n<p>Wie bei vielen Projekten rund um Haus und Garten ist auch beim Wintergarten Umbau eine gr\u00fcndliche Planung schon die halbe Miete.<\/p>\n<p>Nehme dir also die Zeit, da eine Investition in einen Wintergarten den Wert deiner Wohnung steigern kann.<\/p>\n<p>Erstelle zu Beginn eine To-Do-Liste und gegebenenfalls auch einen Zeitplan. Diese gibt dir im Verlauf des Umbaus eine bessere \u00dcbersicht und zeigt auf, wo gegebenenfalls etwas vergessen wurde.<\/p>\n<h3>Nutzung: Kaltwintergarten oder Wohnwintergarten?<\/h3>\n<p>Zuallererst solltest du entscheiden, wie und wann du deinen Wintergarten nutzen m\u00f6chtest.<\/p>\n<p>Dabei sind zwei Typen von Winterg\u00e4rten zu unterscheiden:<\/p>\n<ul>\n<li>Kaltwintergarten und<\/li>\n<li>Wohnwintergarten!<\/li>\n<\/ul>\n<h3>Was ist ein Kaltwintergarten?<\/h3>\n<p>Ein Kaltwintergarten wird nicht beheizt und auch nicht isoliert. R\u00e4umlich muss er von der restlichen Wohnung thermisch getrennt werden \u2013 eine normale Balkont\u00fcr reicht daf\u00fcr schon aus.<\/p>\n<p>Der Arbeitsaufwand im Vergleich zu einem Wohnwintergarten ist durch Wegfall von Heiz- und Isolierarbeiten geringer. Im Winter ist er f\u00fcr gem\u00fctliche (gemeinsame) Stunden leider zu kalt, doch eignet sich dieser wunderbar zur \u00dcberwinterung deiner Gartenpflanzen und -m\u00f6bel.<\/p>\n<h2>Balkon zum Wohnwintergarten umbauen<\/h2>\n<p>Wie der Name schon sagt, ist der Wohnwintergarten oder Warmwintergarten, wie er auch genannt wird, eine Erg\u00e4nzung deines Wohnraums. Dieser besitzt eine konstante W\u00e4rme von 19 Grad Celsius und kann so das ganze Jahr \u00fcber genutzt werden.<\/p>\n<p><strong>Wichtig<\/strong>: F\u00fcr die Fassade des Wintergartens gelten dieselben Vorschriften wie f\u00fcr die herk\u00f6mmliche Fassade deines Geb\u00e4udes, gegebenenfalls ist aufgrund der Energiesparverordnung (EnEV) eine Fassadend\u00e4mmung notwendig. Sowohl beim Kalt- als auch beim Wohnwintergarten sollte der Eintritt von Regenwasser weitestgehend verhindert und eingedrungene Fl\u00fcssigkeit kontrolliert abgeleitet werden.<\/p>\n<h3>Die Form deines Balkons: Loggia oder auskragender Balkon<\/h3>\n<p>Bei der Wahl deines Wintergartens solltest du auch die Form deines Balkons mitber\u00fccksichtigen. Denn das Aussehen deines sp\u00e4teren Wintergartens wird ma\u00dfgeblich durch den bereits vorhandenen Balkon mitbestimmt.<\/p>\n<p>Besitzt du eine Loggia oder einen auskragenden Balkon? Beide Formen sind als Wohnraumerweiterungen anzusehen. Doch der Hauptunterschied zwischen ihnen ist, dass eine Loggia fester Bestandteil des Geb\u00e4udes und dreiseitig geschlossen ist, w\u00e4hrend ein Balkon aus dem Geb\u00e4udegrundriss herausragt und eine ge\u00f6ffnete Bauform besitzt.<\/p>\n<blockquote class=\"instagram-media\" style=\"background: #FFF; border: 0; border-radius: 3px; box-shadow: 0 0 1px 0 rgba(0,0,0,0.5),0 1px 10px 0 rgba(0,0,0,0.15); margin: 1px; max-width: 658px; padding: 0; width: calc(100% - 2px);\" data-instgrm-version=\"7\">\n<div style=\"padding: 8px;\">\n<div style=\"background: #F8F8F8; line-height: 0; margin-top: 40px; padding: 33.24074074074074% 0; text-align: center; width: 100%;\"><\/div>\n<p style=\"color: #c9c8cd; font-family: Arial,sans-serif; font-size: 14px; line-height: 17px; margin-bottom: 0; margin-top: 8px; overflow: hidden; padding: 8px 0 7px; text-align: center; text-overflow: ellipsis; white-space: nowrap;\"><a style=\"color: #c9c8cd; font-family: Arial,sans-serif; font-size: 14px; font-style: normal; font-weight: normal; line-height: 17px; text-decoration: none;\" href=\"https:\/\/www.instagram.com\/p\/BZgAxk5HNwE\/\" target=\"_blank\" rel=\"noopener noreferrer\">Ein Beitrag geteilt von Glavassevich GmbH (@wintergaertner)<\/a> am <time style=\"font-family: Arial,sans-serif; font-size: 14px; line-height: 17px;\" datetime=\"2017-09-26T10:03:34+00:00\">26. Sep 2017 um 3:03 Uhr<\/time><\/p>\n<\/div>\n<\/blockquote>\n<p><script async defer src=\"\/\/platform.instagram.com\/en_US\/embeds.js\"><\/script><\/p>\n<p><strong>Unser Tipp:<\/strong> Wenn du einen gro\u00dfen Balkon hast, kannst du dich entscheiden, ob du die eine H\u00e4lfte als verglaste Wintergarten-Wohnraumerweiterung und die andere H\u00e4lfte weiterhin als ungesch\u00fctzten Balkon nutzen m\u00f6chtest.<\/p>\n<h3>Wird dein Balkon von oben begrenzt?<\/h3>\n<p>Wird dein Balkon von oben durch einen weiteren Balkon oder \u00e4hnliches begrenzt, behindert das zwar deine Sicht, doch sch\u00fctzt es deinen zuk\u00fcnftigen Wintergarten im Sommer auch vor \u00fcberm\u00e4\u00dfiger Hitze. Diese kann solche extremen Ausma\u00dfe annehmen, dass selbst der dahinterliegende Raum nicht genutzt werden kann. Hast du also von deinem Balkon aktuell eine offene Sicht auf den freien Himmel, solltest du bei dem Umbau zum Wintergarten auf jeden Fall eine Beschattungsm\u00f6glichkeit zum Beispiel in Form einer Haube, Markise oder Sonnensegel einplanen.<\/p>\n<blockquote class=\"instagram-media\" style=\"background: #FFF; border: 0; border-radius: 3px; box-shadow: 0 0 1px 0 rgba(0,0,0,0.5),0 1px 10px 0 rgba(0,0,0,0.15); margin: 1px; max-width: 658px; padding: 0; width: calc(100% - 2px);\" data-instgrm-version=\"7\">\n<div style=\"padding: 8px;\">\n<div style=\"background: #F8F8F8; line-height: 0; margin-top: 40px; padding: 53.98148148148149% 0; text-align: center; width: 100%;\"><\/div>\n<p style=\"color: #c9c8cd; font-family: Arial,sans-serif; font-size: 14px; line-height: 17px; margin-bottom: 0; margin-top: 8px; overflow: hidden; padding: 8px 0 7px; text-align: center; text-overflow: ellipsis; white-space: nowrap;\"><a style=\"color: #c9c8cd; font-family: Arial,sans-serif; font-size: 14px; font-style: normal; font-weight: normal; line-height: 17px; text-decoration: none;\" href=\"https:\/\/www.instagram.com\/p\/BZrC0-jH7yd\/\" target=\"_blank\" rel=\"noopener noreferrer\">Ein Beitrag geteilt von 13th.area (@13th.area)<\/a> am <time style=\"font-family: Arial,sans-serif; font-size: 14px; line-height: 17px;\" datetime=\"2017-09-30T16:53:09+00:00\">30. Sep 2017 um 9:53 Uhr<\/time><\/p>\n<\/div>\n<\/blockquote>\n<p><script async defer src=\"\/\/platform.instagram.com\/en_US\/embeds.js\"><\/script><\/p>\n<h2>Wintergarten auf Balkon: Baugenehmigung \u2013 ja oder nein?<\/h2>\n<p>Diese Frage ist leider nicht pauschal zu beantworten. Denn die Antwort h\u00e4ngt<\/p>\n<ul>\n<li>nicht nur von der Gr\u00f6\u00dfe des Balkons ab,<\/li>\n<li>sondern variiert auch von Region zu Region.<\/li>\n<\/ul>\n<p>Zudem muss f\u00fcr die Erteilung einer Baugenehmigung gepr\u00fcft werden, ob der betreffende Balkon das zus\u00e4tzliche Gewicht \u00fcberhaupt tragen kann. Falls nicht, braucht dein Balkon eine zus\u00e4tzliche Abst\u00fctzung, deren Berechnung von einem Experten durchgef\u00fchrt werden muss.<\/p>\n<p><strong>Unser Tipp:<\/strong> Suche vor Baubeginn dein \u00f6rtliches Bauamt auf. Diese sind in der Regel sehr hilfsbereit.<\/p>\n<h3>Ich bin Mieter in einem Mietshaus und m\u00f6chte meinen Balkon umbauen. Darf ich das?<\/h3>\n<p>Du kannst als Mieter deinen Balkon nicht ohne weiteres zu einem Wintergarten umbauen. Daf\u00fcr brauchst du die Einverst\u00e4ndniserkl\u00e4rung deines Vermieters, da dieser rechtlich gesehen f\u00fcr den Balkonumbau verantwortlich ist.<\/p>\n<h3>Ich bin Eigent\u00fcmer. Brauche ich die Zustimmung der anderen Eigent\u00fcmer?<\/h3>\n<p>Anders ist es bei Eigentumswohnungen. In diesem Fall muss vor Baubeginn die Eigent\u00fcmergemeinschaft, das hei\u00dft alle Eigent\u00fcmer der \u00fcbrigen Wohnungen im selben Haus, um Erlaubnis gebeten werden, da auch hier eine bauliche Ver\u00e4nderung vorgenommen wird.<\/p>\n<p>Wenn du neben einem sp\u00e4teren Nachbarschaftsstreit auch rechtlichen Konsequenzen bis hin zu R\u00fcckbauma\u00dfnahmen vorbeugen willst, solltest du unbedingt eine Zustimmung einholen.<\/p>\n<blockquote class=\"instagram-media\" style=\"background: #FFF; border: 0; border-radius: 3px; box-shadow: 0 0 1px 0 rgba(0,0,0,0.5),0 1px 10px 0 rgba(0,0,0,0.15); margin: 1px; max-width: 658px; padding: 0; width: calc(100% - 2px);\" data-instgrm-version=\"7\">\n<div style=\"padding: 8px;\">\n<div style=\"background: #F8F8F8; line-height: 0; margin-top: 40px; padding: 62.5% 0; text-align: center; width: 100%;\"><\/div>\n<p style=\"color: #c9c8cd; font-family: Arial,sans-serif; font-size: 14px; line-height: 17px; margin-bottom: 0; margin-top: 8px; overflow: hidden; padding: 8px 0 7px; text-align: center; text-overflow: ellipsis; white-space: nowrap;\"><a style=\"color: #c9c8cd; font-family: Arial,sans-serif; font-size: 14px; font-style: normal; font-weight: normal; line-height: 17px; text-decoration: none;\" href=\"https:\/\/www.instagram.com\/p\/BZu6hbIFlIq\/\" target=\"_blank\" rel=\"noopener noreferrer\">Ein Beitrag geteilt von (ayg\u00fcl) Home Dekor (@aygul.sweethome)<\/a> am <time style=\"font-family: Arial,sans-serif; font-size: 14px; line-height: 17px;\" datetime=\"2017-10-02T04:57:32+00:00\">1. Okt 2017 um 21:57 Uhr<\/time><\/p>\n<\/div>\n<\/blockquote>\n<p><script async defer src=\"\/\/platform.instagram.com\/en_US\/embeds.js\"><\/script><\/p>\n<h2>Tipps zur Umsetzung deines Wintergartens auf dem Balkon<\/h2>\n<p>Davon abh\u00e4ngig, wie gesch\u00fctzt dein Balkon aktuell schon ist, gen\u00fcgt es, wenn du dessen offene Seiten mittels einiger Fensterscheiben verglasen. Vorteil: Du wirst \u00fcberrascht sein, in welchem Ma\u00dfe eine (gut isolierte) Verglasung <strong>Stra\u00dfenger\u00e4usche minimiert. Nicht nur auf dem ehemaligen Balkon, sondern auch in dem sich dahinter befindlichen Innenraum. <\/strong><\/p>\n<p>Bereits bei der Planung deines Wintergartens solltest du dir zudem Gedanken zu Au\u00dfenjalousien f\u00fcr die Beschattung und eine gute D\u00e4mmung machen. Ebenso solltest du eine m\u00f6glichst automatische L\u00fcftung einplanen. Dies betrifft auch die Isolierung und die Heizungsm\u00f6glichkeit.<\/p>\n<p>Hast du vor, deinen Wintergarten auf die gleiche Weise zu nutzen wie deinen Balkon, solltest du \u00fcber einen Holzboden nachdenken. Wenn du diesen aber als Erweiterung deines Wohnraumes siehst, bewirkt derselbe Fu\u00dfboden wie der in der Wohnung eine optische T\u00e4uschung und somit mehr Platz.<\/p>\n<h3>Balkon zum Wintergarten umbauen: die Verglasung<\/h3>\n<p>Wenn du deinen Balkon zum Wintergarten umbaust, kannst du einige Arbeitsschritte selbst verrichten. Bei der Verglasung solltest du jedoch unbedingt auf einen Fachmann setzen, da Verglasungselemente oft ma\u00dfangefertigt werden m\u00fcssen. Der Experte ber\u00e4t dich in Bezug auf das f\u00fcr deinen Wintergarten richtige Glas, Design und Energieangelegenheiten.<\/p>\n<p>Nutze mindestens Einscheibensicherheitsglas. Besser w\u00e4re aber zwei- oder dreifach Isolierglas. Denn je geringer der W\u00e4rmedurchgangskoeffizient (Ug-Wert), desto besser ist deine W\u00e4rmed\u00e4mmung und umso weniger musst du heizen. Frage den Experten ggf. auch nach Sonnenschutzglas, das eine zu starke Hitzeentwicklung im Inneren verhindert.<\/p>\n<h3>Verglasungssysteme f\u00fcr deinen Wintergarten<\/h3>\n<p>Wenn du deinen Wintergarten kosteng\u00fcnstig verglasen m\u00f6chtest, raten wir zu einer <strong>Festverglasung<\/strong>. Diese l\u00e4sst sich entweder gar nicht oder nur an einzelnen Stellen bzw. Fenstern durch Dreh-Kipp-Funktion \u00f6ffnen. Damit kannst du im Winter eine gute W\u00e4rmed\u00e4mmung mit relativ wenig Aufwand erreichen.<\/p>\n<p>Mit T\u00fcren aus<strong> Faltglas <\/strong>kannst du deinen Wintergarten m\u00fchelos und fast vollkommen \u00f6ffnen. Die Elemente werden einfach wie bei einem F\u00e4cher zusammenschoben. Diese Konstruktion ausreichend zu isolieren, ist jedoch sehr aufw\u00e4ndig.<\/p>\n<p>Je nach pers\u00f6nlichen Geschmack und Geldbeutel w\u00e4re auch ein <strong>Schiebesystem<\/strong> mit variablen Laufschienen eine Option. Es birgt den Vorteil, dass du den Wintergarten in den warmen Monaten auch als offenen Balkon nutzen kannst. Daf\u00fcr werden die Scheiben an Kunststoffgriffen oder Einbuchtungen einfach zur Seite geschoben. Eine Nutzung im Winter ist aufgrund der mangelhaften Isolierung aber leider nicht m\u00f6glich.<\/p>\n<p>Die weniger handwerklich Begabten unter euch k\u00f6nnen die komplette Verglasung auch von Fachbetrieben durchf\u00fchren lassen. Diese geben zudem Garantie auf Material und Einbau. Der Preis einer Balkonverglasung unterscheidet sich je nach Gr\u00f6\u00dfe und Ausf\u00fchrung der Verglasung.<\/p>\n<h3><strong>Wintergarten auf Terrasse selbst bauen<\/strong><strong><br \/>\n<\/strong><\/h3>\n<p>Du hast keinen Balkon, daf\u00fcr aber eine Terrasse und m\u00f6chtest diese zum <a href=\"\/ratgeber\/wintergarten\/wintergarten-selber-bauen\">Wintergarten umbauen<\/a>? In unserem Beitrag erh\u00e4ltst du viele Tipps und Tricks, damit dein Aufbau ein Erfolg wird.<\/p>\n<figure id=\"attachment_6757\" aria-describedby=\"caption-attachment-6757\" style=\"width: 675px\" class=\"wp-caption alignnone\"><img decoding=\"async\" class=\"size-full wp-image-6757\" src=\"\/magazin\/wp-content\/uploads\/2016\/10\/terrassenueberdachung-90grad-ecke2-675x489.jpg\" alt=\"Eine \u00fcberdachte Terrasse mit Glasschiebew\u00e4nden\" width=\"675\" height=\"489\" srcset=\"https:\/\/www.gartenhaus.at\/magazin\/wp-content\/uploads\/2016\/10\/terrassenueberdachung-90grad-ecke2-675x489.jpg 675w, https:\/\/www.gartenhaus.at\/magazin\/wp-content\/uploads\/2016\/10\/terrassenueberdachung-90grad-ecke2-675x489-300x217.jpg 300w\" sizes=\"(max-width: 675px) 100vw, 675px\" \/><figcaption id=\"caption-attachment-6757\" class=\"wp-caption-text\">Mit Glasschiebew\u00e4nden kannst du deine Terrasse in einen Wintergarten verwandeln.<\/figcaption><\/figure>\n<h2><strong>Zusammenfassung: Unsere Checkliste f\u00fcr deinen Umbau vom Balkon<\/strong><strong> zum Wintergarten<\/strong><\/h2>\n<p>Diese Punkte solltest du beachten, wenn du deinen Balkon zum Wintergarten umbauen willst:<\/p>\n<p><strong>Du bist Mieter <\/strong><\/p>\n<ul>\n<li>Frage den Eigent\u00fcmer um Einverst\u00e4ndnis.<\/li>\n<\/ul>\n<p><strong>Du bist Eigent\u00fcmer <\/strong><\/p>\n<ul>\n<li>Informiere die Eigent\u00fcmergemeinschaft und holen deren Zustimmung ein.<\/li>\n<\/ul>\n<p><strong>Dar\u00fcber hinaus solltest du<\/strong><\/p>\n<ul>\n<li>dich bei deinem zust\u00e4ndigen Bauamt \u00fcber das f\u00fcr dich greifende Baurecht informieren. Achtung: Dieses ist von Stadt zu Stadt unterschiedlich!<\/li>\n<li>gegebenenfalls eine Baugenehmigung einholen.<\/li>\n<li>von einem Experten die Statik deines Balkons ggf. Geb\u00e4udes \u00fcberpr\u00fcfen lassen.<\/li>\n<li>dich entscheiden, ob du deinen Balkon komplett oder nur teilweise verglasen willst.<\/li>\n<li>kl\u00e4ren, ob durch deinen Umbau zus\u00e4tzlicher Wohnraum entsteht.<\/li>\n<li>dich entscheiden, ob du L\u00fcftung und Heizung einbauen willst.<\/li>\n<li>im Voraus eine ungef\u00e4hre Kostenkalkulation erstellen.<\/li>\n<\/ul>\n<h2>Einrichtungsideen f\u00fcr deinen Winterg\u00e4rten<\/h2>\n<p>Du bist schon einen Schritt weiter und suchst nach <a href=\"\/ratgeber\/wintergarten\/wintergarten-einrichten\">Einrichtungsideen f\u00fcr deinen Wintergarten<\/a>? Dann wirst du ebenfalls bei uns f\u00fcndig.<\/p>\n<p><strong>Wir w\u00fcnschen viel Spa\u00df beim Planen und Umsetzen deines Balkon-Umbaus zum Wintergarten!<\/strong><\/p>\n<p>***<\/p>\n<p><small>Artikelbild: \u00a9iStock\/kievith<\/small><br \/>\n<small>Beitragsbild: \u00a9Gartenhaus.com<\/small><\/p>\n<div class=\"shariff shariff-align-center shariff-widget-align-flex-start\" style=\"display:none\" data-services=\"facebook%7Cpinterest\" data-url=\"https%3A%2F%2Fwww.gartenhaus.at%2Fmagazin%2Fbalkon-zum-wintergarten-umbauen%2F\" data-timestamp=\"1763544079\" data-hidezero=\"1\" data-backendurl=\"https:\/\/www.gartenhaus.at\/magazin\/wp-json\/shariff\/v1\/share_counts?\"><div class=\"ShariffHeadline\">Teile diesen Beitrag<\/div><ul class=\"shariff-buttons theme-white orientation-horizontal buttonsize-medium\"><li class=\"shariff-button facebook shariff-nocustomcolor\" style=\"background-color:#4273c8\"><a href=\"https:\/\/www.facebook.com\/sharer\/sharer.php?u=https%3A%2F%2Fwww.gartenhaus.at%2Fmagazin%2Fbalkon-zum-wintergarten-umbauen%2F\" title=\"Bei Facebook teilen\" aria-label=\"Bei Facebook teilen\" role=\"button\" rel=\"nofollow\" class=\"shariff-link\" style=\"; background-color:#3b5998; color:#3b5998\" target=\"_blank\"><span class=\"shariff-icon\" style=\"fill:#3b5998\"><svg width=\"32px\" height=\"20px\" xmlns=\"http:\/\/www.w3.org\/2000\/svg\" viewBox=\"0 0 18 32\"><path fill=\"#3b5998\" d=\"M17.1 0.2v4.7h-2.8q-1.5 0-2.1 0.6t-0.5 1.9v3.4h5.2l-0.7 5.3h-4.5v13.6h-5.5v-13.6h-4.5v-5.3h4.5v-3.9q0-3.3 1.9-5.2t5-1.8q2.6 0 4.1 0.2z\"\/><\/svg><\/span><span class=\"shariff-text\" style=\"color:#3b5998\">teilen<\/span>&nbsp;<span data-service=\"facebook\" style=\"color:#3b5998\" class=\"shariff-count shariff-hidezero\"><\/span>&nbsp;<\/a><\/li><li class=\"shariff-button twitter shariff-nocustomcolor\" style=\"background-color:#595959\"><a href=\"https:\/\/twitter.com\/share?url=https%3A%2F%2Fwww.gartenhaus.at%2Fmagazin%2Fbalkon-zum-wintergarten-umbauen%2F&text=Balkon%20zum%20Wintergarten%20umbauen%3A%20So%20gehst%20du%20bei%20Planung%20bis%20Einrichtung%20vor\" title=\"Bei X teilen\" aria-label=\"Bei X teilen\" role=\"button\" rel=\"noopener nofollow\" class=\"shariff-link\" style=\"; background-color:#000; color:#000\" target=\"_blank\"><span class=\"shariff-icon\" style=\"fill:#000\"><svg width=\"32px\" height=\"20px\" xmlns=\"http:\/\/www.w3.org\/2000\/svg\" viewBox=\"0 0 24 24\"><path fill=\"#000\" d=\"M14.258 10.152L23.176 0h-2.113l-7.747 8.813L7.133 0H0l9.352 13.328L0 23.973h2.113l8.176-9.309 6.531 9.309h7.133zm-2.895 3.293l-.949-1.328L2.875 1.56h3.246l6.086 8.523.945 1.328 7.91 11.078h-3.246zm0 0\"\/><\/svg><\/span><span class=\"shariff-text\" style=\"color:#000\">teilen<\/span>&nbsp;<\/a><\/li><li class=\"shariff-button pinterest shariff-nocustomcolor\" style=\"background-color:#e70f18\"><a href=\"https:\/\/www.pinterest.com\/pin\/create\/link\/?url=https%3A%2F%2Fwww.gartenhaus.at%2Fmagazin%2Fbalkon-zum-wintergarten-umbauen%2F&media=https%3A%2F%2Fwww.gartenhaus.at%2Fmagazin%2Fwp-content%2Fuploads%2F2017%2F10%2Fbalkon-in-wintergarten-umbauen.jpg&description=Balkon%20zum%20Wintergarten%20umbauen%3A%20So%20gehst%20du%20bei%20Planung%20bis%20Einrichtung%20vor\" title=\"Bei Pinterest pinnen\" aria-label=\"Bei Pinterest pinnen\" role=\"button\" rel=\"noopener nofollow\" class=\"shariff-link\" style=\"; background-color:#cb2027; color:#cb2027\" target=\"_blank\"><span class=\"shariff-icon\" style=\"fill:#cb2027\"><svg width=\"32px\" height=\"20px\" xmlns=\"http:\/\/www.w3.org\/2000\/svg\" viewBox=\"0 0 27 32\"><path fill=\"#cb2027\" d=\"M27.4 16q0 3.7-1.8 6.9t-5 5-6.9 1.9q-2 0-3.9-0.6 1.1-1.7 1.4-2.9 0.2-0.6 1-3.8 0.4 0.7 1.3 1.2t2 0.5q2.1 0 3.8-1.2t2.7-3.4 0.9-4.8q0-2-1.1-3.8t-3.1-2.9-4.5-1.2q-1.9 0-3.5 0.5t-2.8 1.4-2 2-1.2 2.3-0.4 2.4q0 1.9 0.7 3.3t2.1 2q0.5 0.2 0.7-0.4 0-0.1 0.1-0.5t0.2-0.5q0.1-0.4-0.2-0.8-0.9-1.1-0.9-2.7 0-2.7 1.9-4.6t4.9-2q2.7 0 4.2 1.5t1.5 3.8q0 3-1.2 5.2t-3.1 2.1q-1.1 0-1.7-0.8t-0.4-1.9q0.1-0.6 0.5-1.7t0.5-1.8 0.2-1.4q0-0.9-0.5-1.5t-1.4-0.6q-1.1 0-1.9 1t-0.8 2.6q0 1.3 0.4 2.2l-1.8 7.5q-0.3 1.2-0.2 3.2-3.7-1.6-6-5t-2.3-7.6q0-3.7 1.9-6.9t5-5 6.9-1.9 6.9 1.9 5 5 1.8 6.9z\"\/><\/svg><\/span><span class=\"shariff-text\" style=\"color:#cb2027\">merken<\/span>&nbsp;<span data-service=\"pinterest\" style=\"color:#cb2027\" class=\"shariff-count shariff-hidezero\"><\/span>&nbsp;<\/a><\/li><li class=\"shariff-button whatsapp shariff-nocustomcolor\" style=\"background-color:#5cbe4a\"><a href=\"https:\/\/api.whatsapp.com\/send?text=https%3A%2F%2Fwww.gartenhaus.at%2Fmagazin%2Fbalkon-zum-wintergarten-umbauen%2F%20Balkon%20zum%20Wintergarten%20umbauen%3A%20So%20gehst%20du%20bei%20Planung%20bis%20Einrichtung%20vor\" title=\"Bei Whatsapp teilen\" aria-label=\"Bei Whatsapp teilen\" role=\"button\" rel=\"noopener nofollow\" class=\"shariff-link\" style=\"; background-color:#34af23; color:#34af23\" target=\"_blank\"><span class=\"shariff-icon\" style=\"fill:#34af23\"><svg width=\"32px\" height=\"20px\" xmlns=\"http:\/\/www.w3.org\/2000\/svg\" viewBox=\"0 0 32 32\"><path fill=\"#34af23\" d=\"M17.6 17.4q0.2 0 1.7 0.8t1.6 0.9q0 0.1 0 0.3 0 0.6-0.3 1.4-0.3 0.7-1.3 1.2t-1.8 0.5q-1 0-3.4-1.1-1.7-0.8-3-2.1t-2.6-3.3q-1.3-1.9-1.3-3.5v-0.1q0.1-1.6 1.3-2.8 0.4-0.4 0.9-0.4 0.1 0 0.3 0t0.3 0q0.3 0 0.5 0.1t0.3 0.5q0.1 0.4 0.6 1.6t0.4 1.3q0 0.4-0.6 1t-0.6 0.8q0 0.1 0.1 0.3 0.6 1.3 1.8 2.4 1 0.9 2.7 1.8 0.2 0.1 0.4 0.1 0.3 0 1-0.9t0.9-0.9zM14 26.9q2.3 0 4.3-0.9t3.6-2.4 2.4-3.6 0.9-4.3-0.9-4.3-2.4-3.6-3.6-2.4-4.3-0.9-4.3 0.9-3.6 2.4-2.4 3.6-0.9 4.3q0 3.6 2.1 6.6l-1.4 4.2 4.3-1.4q2.8 1.9 6.2 1.9zM14 2.2q2.7 0 5.2 1.1t4.3 2.9 2.9 4.3 1.1 5.2-1.1 5.2-2.9 4.3-4.3 2.9-5.2 1.1q-3.5 0-6.5-1.7l-7.4 2.4 2.4-7.2q-1.9-3.2-1.9-6.9 0-2.7 1.1-5.2t2.9-4.3 4.3-2.9 5.2-1.1z\"\/><\/svg><\/span><span class=\"shariff-text\" style=\"color:#34af23\">teilen<\/span>&nbsp;<\/a><\/li><li class=\"shariff-button rss shariff-nocustomcolor\" style=\"background-color:#ff8c00\"><a href=\"\/magazin\/feed\/\" title=\"RSS-feed\" aria-label=\"RSS-feed\" role=\"button\" class=\"shariff-link\" style=\"; background-color:#fe9312; color:#fe9312\" target=\"_blank\"><span class=\"shariff-icon\" style=\"fill:#fe9312\"><svg width=\"32px\" height=\"20px\" xmlns=\"http:\/\/www.w3.org\/2000\/svg\" viewBox=\"0 0 32 32\"><path fill=\"#fe9312\" d=\"M4.3 23.5c-2.3 0-4.3 1.9-4.3 4.3 0 2.3 1.9 4.2 4.3 4.2 2.4 0 4.3-1.9 4.3-4.2 0-2.3-1.9-4.3-4.3-4.3zM0 10.9v6.1c4 0 7.7 1.6 10.6 4.4 2.8 2.8 4.4 6.6 4.4 10.6h6.2c0-11.7-9.5-21.1-21.1-21.1zM0 0v6.1c14.2 0 25.8 11.6 25.8 25.9h6.2c0-17.6-14.4-32-32-32z\"\/><\/svg><\/span><span class=\"shariff-text\" style=\"color:#fe9312\">RSS-feed<\/span>&nbsp;<\/a><\/li><li class=\"shariff-button mailto shariff-nocustomcolor\" style=\"background-color:#a8a8a8\"><a href=\"mailto:?body=https%3A%2F%2Fwww.gartenhaus.at%2Fmagazin%2Fbalkon-zum-wintergarten-umbauen%2F&subject=Balkon%20zum%20Wintergarten%20umbauen%3A%20So%20gehst%20du%20bei%20Planung%20bis%20Einrichtung%20vor\" title=\"Per E-Mail versenden\" aria-label=\"Per E-Mail versenden\" role=\"button\" rel=\"noopener nofollow\" class=\"shariff-link\" style=\"; background-color:#999; color:#999\"><span class=\"shariff-icon\" style=\"fill:#999\"><svg width=\"32px\" height=\"20px\" xmlns=\"http:\/\/www.w3.org\/2000\/svg\" viewBox=\"0 0 32 32\"><path fill=\"#999\" d=\"M32 12.7v14.2q0 1.2-0.8 2t-2 0.9h-26.3q-1.2 0-2-0.9t-0.8-2v-14.2q0.8 0.9 1.8 1.6 6.5 4.4 8.9 6.1 1 0.8 1.6 1.2t1.7 0.9 2 0.4h0.1q0.9 0 2-0.4t1.7-0.9 1.6-1.2q3-2.2 8.9-6.1 1-0.7 1.8-1.6zM32 7.4q0 1.4-0.9 2.7t-2.2 2.2q-6.7 4.7-8.4 5.8-0.2 0.1-0.7 0.5t-1 0.7-0.9 0.6-1.1 0.5-0.9 0.2h-0.1q-0.4 0-0.9-0.2t-1.1-0.5-0.9-0.6-1-0.7-0.7-0.5q-1.6-1.1-4.7-3.2t-3.6-2.6q-1.1-0.7-2.1-2t-1-2.5q0-1.4 0.7-2.3t2.1-0.9h26.3q1.2 0 2 0.8t0.9 2z\"\/><\/svg><\/span><span class=\"shariff-text\" style=\"color:#999\">E-Mail<\/span>&nbsp;<\/a><\/li><\/ul><\/div>","protected":false},"excerpt":{"rendered":"<p>Du nutzt deinen Balkon aufgrund von schlechtem Wetter nur selten und m\u00f6chtest diesen in einen Wintergarten umbauen? Dabei ist mehr zu beachten als diesen nur zu verglasen. Unsere Checkliste und DIY-Tipps zeigen, wie du bei Planung und beim Umbau am besten vorgehst und was du rechtlich beachten solltest.<\/p>\n","protected":false},"author":2,"featured_media":31223,"comment_status":"open","ping_status":"closed","sticky":false,"template":"","format":"standard","meta":{"footnotes":""},"categories":[5919],"tags":[5920,5913],"class_list":["post-43500","post","type-post","status-publish","format-standard","has-post-thumbnail","hentry","category-aufbau-wissen","tag-aufbau","tag-diy"],"yoast_head":"<!-- This site is optimized with the Yoast SEO Premium plugin v15.0 - https:\/\/yoast.com\/wordpress\/plugins\/seo\/ -->\n<title>Balkon zum Wintergarten umbauen: Checkliste + DIY Tipps<\/title>\n<meta name=\"description\" content=\"Balkon als Wohnraum nutzen? Baue diesen zum Wintergarten um. Mit unserer Checkliste beachtest du die richtige Verglasung, Baugenehmigung u.v.m.\" \/>\n<meta name=\"robots\" content=\"index, follow, max-snippet:-1, max-image-preview:large, max-video-preview:-1\" \/>\n<link rel=\"canonical\" href=\"https:\/\/www.gartenhaus.at\/magazin\/balkon-zum-wintergarten-umbauen\/\" \/>\n<meta property=\"og:locale\" content=\"de_DE\" \/>\n<meta property=\"og:type\" content=\"article\" \/>\n<meta property=\"og:title\" content=\"Balkon zum Wintergarten umbauen: Checkliste + DIY Tipps\" \/>\n<meta property=\"og:description\" content=\"Balkon als Wohnraum nutzen? Baue diesen zum Wintergarten um. Mit unserer Checkliste beachtest du die richtige Verglasung, Baugenehmigung u.v.m.\" \/>\n<meta property=\"og:url\" content=\"https:\/\/www.gartenhaus.at\/magazin\/balkon-zum-wintergarten-umbauen\/\" \/>\n<meta property=\"og:site_name\" content=\"Gartenhaus.com Magazin\" \/>\n<meta property=\"article:published_time\" content=\"2017-10-03T08:03:34+00:00\" \/>\n<meta property=\"article:modified_time\" content=\"2025-11-19T08:21:19+00:00\" \/>\n<meta name=\"twitter:card\" content=\"summary\" \/>\n<meta name=\"twitter:image\" content=\"https:\/\/www.gartenhaus.at\/magazin\/wp-content\/uploads\/2017\/10\/balkon-in-wintergarten-umbauen.jpg\" \/>\n<script type=\"application\/ld+json\" class=\"yoast-schema-graph\">{\"@context\":\"https:\/\/schema.org\",\"@graph\":[{\"@type\":\"WebSite\",\"@id\":\"https:\/\/www.gartenhaus.at\/magazin\/#website\",\"url\":\"https:\/\/www.gartenhaus.at\/magazin\/\",\"name\":\"Gartenhaus.com Magazin\",\"description\":\"Dein Onlineshop rund um das Gartenhaus\",\"potentialAction\":[{\"@type\":\"SearchAction\",\"target\":\"https:\/\/www.gartenhaus.at\/magazin\/?s={search_term_string}\",\"query-input\":\"required name=search_term_string\"}],\"inLanguage\":\"de-AT\"},{\"@type\":\"ImageObject\",\"@id\":\"https:\/\/www.gartenhaus.at\/magazin\/balkon-zum-wintergarten-umbauen\/#primaryimage\",\"inLanguage\":\"de-AT\",\"url\":\"https:\/\/www.gartenhaus.at\/magazin\/wp-content\/uploads\/2017\/10\/balkon-in-wintergarten-umbauen.jpg\",\"width\":824,\"height\":549},{\"@type\":\"WebPage\",\"@id\":\"https:\/\/www.gartenhaus.at\/magazin\/balkon-zum-wintergarten-umbauen\/#webpage\",\"url\":\"https:\/\/www.gartenhaus.at\/magazin\/balkon-zum-wintergarten-umbauen\/\",\"name\":\"Balkon zum Wintergarten umbauen: Checkliste + DIY Tipps\",\"isPartOf\":{\"@id\":\"https:\/\/www.gartenhaus.at\/magazin\/#website\"},\"primaryImageOfPage\":{\"@id\":\"https:\/\/www.gartenhaus.at\/magazin\/balkon-zum-wintergarten-umbauen\/#primaryimage\"},\"datePublished\":\"2017-10-03T08:03:34+00:00\",\"dateModified\":\"2025-11-19T08:21:19+00:00\",\"author\":{\"@id\":\"https:\/\/www.gartenhaus.at\/magazin\/#\/schema\/person\/5b9bfc960f102bc5fc6ef396333e26a8\"},\"description\":\"Balkon als Wohnraum nutzen? Baue diesen zum Wintergarten um. Mit unserer Checkliste beachtest du die richtige Verglasung, Baugenehmigung u.v.m.\",\"inLanguage\":\"de-AT\",\"potentialAction\":[{\"@type\":\"ReadAction\",\"target\":[\"https:\/\/www.gartenhaus.at\/magazin\/balkon-zum-wintergarten-umbauen\/\"]}]},{\"@type\":\"Person\",\"@id\":\"https:\/\/www.gartenhaus.at\/magazin\/#\/schema\/person\/5b9bfc960f102bc5fc6ef396333e26a8\",\"name\":\"gartenhausgmbh\",\"image\":{\"@type\":\"ImageObject\",\"@id\":\"https:\/\/www.gartenhaus.at\/magazin\/#personlogo\",\"inLanguage\":\"de-AT\",\"url\":\"https:\/\/secure.gravatar.com\/avatar\/0c29c68dc20e65ba9790e5bbd7f7f0b76adf73a561e145dfffee0491eb1b106d?s=96&d=identicon&r=g\",\"caption\":\"gartenhausgmbh\"}}]}<\/script>\n<!-- \/ Yoast SEO Premium plugin. -->","_links":{"self":[{"href":"https:\/\/www.gartenhaus.at\/magazin\/wp-json\/wp\/v2\/posts\/43500","targetHints":{"allow":["GET"]}}],"collection":[{"href":"https:\/\/www.gartenhaus.at\/magazin\/wp-json\/wp\/v2\/posts"}],"about":[{"href":"https:\/\/www.gartenhaus.at\/magazin\/wp-json\/wp\/v2\/types\/post"}],"author":[{"embeddable":true,"href":"https:\/\/www.gartenhaus.at\/magazin\/wp-json\/wp\/v2\/users\/2"}],"replies":[{"embeddable":true,"href":"https:\/\/www.gartenhaus.at\/magazin\/wp-json\/wp\/v2\/comments?post=43500"}],"version-history":[{"count":0,"href":"https:\/\/www.gartenhaus.at\/magazin\/wp-json\/wp\/v2\/posts\/43500\/revisions"}],"wp:featuredmedia":[{"embeddable":true,"href":"https:\/\/www.gartenhaus.at\/magazin\/wp-json\/wp\/v2\/media\/31223"}],"wp:attachment":[{"href":"https:\/\/www.gartenhaus.at\/magazin\/wp-json\/wp\/v2\/media?parent=43500"}],"wp:term":[{"taxonomy":"category","embeddable":true,"href":"https:\/\/www.gartenhaus.at\/magazin\/wp-json\/wp\/v2\/categories?post=43500"},{"taxonomy":"post_tag","embeddable":true,"href":"https:\/\/www.gartenhaus.at\/magazin\/wp-json\/wp\/v2\/tags?post=43500"}],"curies":[{"name":"wp","href":"https:\/\/api.w.org\/{rel}","templated":true}]}}