{"id":44556,"date":"2016-11-18T10:30:47","date_gmt":"2016-11-18T09:30:47","guid":{"rendered":"https:\/\/www.gartenhaus.com\/magazin\/lagerung-im-erdkeller\/"},"modified":"2026-01-08T13:19:11","modified_gmt":"2026-01-08T12:19:11","slug":"lagerung-im-erdkeller","status":"publish","type":"post","link":"https:\/\/www.gartenhaus.at\/magazin\/lagerung-im-erdkeller\/","title":{"rendered":"Lagerung im Erdkeller: So lagerst du Obst &#038; Gem\u00fcse richtig"},"content":{"rendered":"<p class=\"KonzeptText\">Der Erdkeller ist ein optimaler und energieeffizienter Lagerraum. Wie du diesen richtig nutzt und was du \u00fcber die Lagerbedingungen der einzelnen Obst- und Gem\u00fcsesorten unbedingt wissen solltest, erf\u00e4hrst du im Beitrag.<\/p>\n<p class=\"KonzeptText\"><!--more--><\/p>\n<p>Wir leben in einer Zeit, in der \u00fcber den Vertrieb genmanipulierte Lebensmittel gestritten wird und sich der Inhalt vieler Supermarktprodukte aus schier unaussprechlichen Geschmacks\u00adverst\u00e4rkern zusammensetzt. Gerade deshalb stellt die Ernte der eigenen, natur\u00adbelassenen Gem\u00fcse- und Obstsorten f\u00fcr Viele einen wahren Segen dar. Der Erdkeller bietet die M\u00f6glichkeit deine eigene Ernte effizient und n\u00e4hrstoffschonend einzulagern.<\/p>\n<figure id=\"attachment_7091\" aria-describedby=\"caption-attachment-7091\" style=\"width: 724px\" class=\"wp-caption aligncenter\"><img decoding=\"async\" class=\"wp-image-7091 size-full\" src=\"\/magazin\/wp-content\/uploads\/2016\/11\/apfelschachtel.jpg\" alt=\"Apfelkisten\" width=\"724\" height=\"483\" srcset=\"https:\/\/www.gartenhaus.at\/magazin\/wp-content\/uploads\/2016\/11\/apfelschachtel.jpg 724w, https:\/\/www.gartenhaus.at\/magazin\/wp-content\/uploads\/2016\/11\/apfelschachtel-300x200.jpg 300w, https:\/\/www.gartenhaus.at\/magazin\/wp-content\/uploads\/2016\/11\/apfelschachtel-675x450.jpg 675w\" sizes=\"(max-width: 724px) 100vw, 724px\" \/><figcaption id=\"caption-attachment-7091\" class=\"wp-caption-text\">Die korrekte Obst- und Gem\u00fcseaufbewahrung ist essenziell f\u00fcr den Lagererfolg.<\/figcaption><\/figure>\n<h2>Der Erdkeller<\/h2>\n<p>In unserem Artikel \u201e<a href=\"https:\/\/www.gartenhaus.at\/magazin\/vorraete-lagern-im-erdkeller\/\">Vorr\u00e4te lagern &#8211; Welcher Erdkeller darf\u2018s denn sein<\/a>\u201c haben wir bereits umfassend \u00fcber Planung und Bau des Erdkellers informiert. Hier haben wir f\u00fcr dich noch einmal kurz die Funktionsweise definiert:<\/p>\n<p>Der Erdkeller ist ein Loch im Boden, welches ohne zus\u00e4tzlich Bodenplatte auskommt: Der gestampfte Lehm\/Erdboden f\u00f6rdert den nat\u00fcrlichen Luft-und Feuchteaustausch und garantiert unter den richtigen Bedingungen eine optimale und nat\u00fcrliche Lebensmittellagerung ohne zus\u00e4tzlichen Energiebedarf.<\/p>\n<p>Im Gegensatz zu Konservierungstechniken wie Einfrieren oder Einkochen, die Zellenzerst\u00f6rung und den Verlust der Naturbelassenheit eines Produktes nach sich ziehen, stellt die sogenannte \u201elebendige\u201c Obst- und Gem\u00fcseaufbewahrung im Erdkeller eine effiziente und gesunde Lageralternative dar.<\/p>\n<h2>Die optimale Lagerung im Erdkeller<\/h2>\n<p>Hier erf\u00e4hrst du von der Eignung, \u00fcber die Ernte, bis hin zur korrekten Lagerung deines Obst- und Gem\u00fcses alles, was du \u00fcber die Nutzung des Erdkellers wissen musst.<\/p>\n<h3>Grundvoraussetzungen<\/h3>\n<p>Die Temperaturen im Inneren des Kellers sollten optimaler Weise zwischen 2 und 6, auf jeden Fall jedoch unter 10 Grad liegen. So lagern Obst und Gem\u00fcse zu jeder Jahreszeit k\u00fchl und frostsicher.<\/p>\n<p>Die Luftfeuchtigkeit im Inneren, gef\u00f6rdert durch den lockeren und unbetonierten Untergrund, sollte zwischen 80 und 95 Prozent betragen. Eine hohe Feuchtigkeit verhindert das Austrocknen der Fr\u00fcchte und erh\u00f6ht die Lagerzeit.<\/p>\n<p>Um eine optimale Lagerung zu gew\u00e4hrleisten, solltest du zudem darauf achten, dass die Lebensmittel stets licht- und m\u00e4usegesch\u00fctzt aufbewahrt werden.<\/p>\n<p>Eine k\u00fchle und lichtgesch\u00fctzte Umgebung bringt die Stoffwechselvorg\u00e4nge der Pflanzen und Fr\u00fcchte zum Erliegen und verhindert, dass diese Vitamine abbauen oder gar zu faulen beginnen.<\/p>\n<h3>Lebensmittel Eignung<\/h3>\n<p>Diese Lebensmittel und Pflanzen eignen sich f\u00fcr eine Lagerung im Erdkeller:<\/p>\n<ul>\n<li><strong>Kohlgem\u00fcse:<\/strong> Kohlrabi, Wei\u00df- und Rotkohl<\/li>\n<li><strong>Wurzelgem\u00fcse:<\/strong> Gelbe R\u00fcben, Sellerieknollen, Rote Bete, Pastinake, Petersilien- und Schwarzwurzel, Kartoffeln, Topinambur, Rettich, Meerrettich, Zwiebel, Knoblauch<\/li>\n<li><strong>Streuobst:<\/strong> Apfel, Birne, Pflaume<\/li>\n<li><strong>Pflanzen:<\/strong> Auch nicht winterharte Pflanzen, wie Knollen, Stauden und Rosen k\u00f6nnen im Erdkeller in T\u00f6pfen \u00fcberwintern.<\/li>\n<li><strong>K\u00fcrbisgew\u00e4chse:<\/strong> Gartenk\u00fcrbis<\/li>\n<li><strong>Konserven, Marmeladen und S\u00e4fte<\/strong><\/li>\n<\/ul>\n<figure id=\"attachment_7006\" aria-describedby=\"caption-attachment-7006\" style=\"width: 899px\" class=\"wp-caption alignnone\"><img decoding=\"async\" class=\"size-full wp-image-7006\" src=\"\/magazin\/wp-content\/uploads\/2016\/11\/erdkeller-collage.jpg\" alt=\"Lagerung im Keller\" width=\"899\" height=\"470\" srcset=\"https:\/\/www.gartenhaus.at\/magazin\/wp-content\/uploads\/2016\/11\/erdkeller-collage.jpg 899w, https:\/\/www.gartenhaus.at\/magazin\/wp-content\/uploads\/2016\/11\/erdkeller-collage-300x157.jpg 300w, https:\/\/www.gartenhaus.at\/magazin\/wp-content\/uploads\/2016\/11\/erdkeller-collage-675x353.jpg 675w\" sizes=\"(max-width: 899px) 100vw, 899px\" \/><figcaption id=\"caption-attachment-7006\" class=\"wp-caption-text\">Die richtige Lagerung im Erdkeller<\/figcaption><\/figure>\n<h3>Die richtige Ernte<\/h3>\n<p>Bereits bei der Ernte solltest du auf bestimmte Qualit\u00e4tsfaktoren achten. Werden diese nicht ber\u00fccksichtigt, wird eine Lagerung erschwert, oder sogar unm\u00f6glich.<\/p>\n<ul>\n<li>Die Ernte sollte keinesfalls bei Regen erfolgen.<\/li>\n<li>Nur gesundes und ausgereiftes Obst und Gem\u00fcse bleibt langfristig knackig. Besonders geeignet f\u00fcr die \u00dcberwinterung sind vor allem festfleischige Sorten.<\/li>\n<li>Kohl und Wurzelgem\u00fcse sollten erst kurz vor dem ersten Frost geerntet werden. Kartoffeln sollten nach der Ernte noch ca. 2 Wochen nachtrocknen, bevor sie geh\u00e4uft eingelagert werden.<\/li>\n<\/ul>\n<h3>Lagerungsbedingungen<\/h3>\n<p>Das bestimmte Lebensmittel f\u00fcr die Lagerung im Erdkeller geeignet sind, hei\u00dft noch nicht, dass diese die \u00dcberwinterung auch schadenfrei \u00fcberstehen. Um eine optimale und effiziente Lagerung ohne gr\u00f6\u00dfere Verluste zu gew\u00e4hrleisten, solltest du einige wichtige Details beachten, sowie entsprechende Vorkehrungen treffen.<\/p>\n<figure id=\"attachment_7008\" aria-describedby=\"caption-attachment-7008\" style=\"width: 848px\" class=\"wp-caption alignnone\"><img decoding=\"async\" class=\"size-full wp-image-7008\" src=\"\/magazin\/wp-content\/uploads\/2016\/11\/apfel-regal.jpg\" alt=\"Apfellagerung\" width=\"848\" height=\"565\" srcset=\"https:\/\/www.gartenhaus.at\/magazin\/wp-content\/uploads\/2016\/11\/apfel-regal.jpg 848w, https:\/\/www.gartenhaus.at\/magazin\/wp-content\/uploads\/2016\/11\/apfel-regal-300x200.jpg 300w, https:\/\/www.gartenhaus.at\/magazin\/wp-content\/uploads\/2016\/11\/apfel-regal-675x450.jpg 675w\" sizes=\"(max-width: 848px) 100vw, 848px\" \/><figcaption id=\"caption-attachment-7008\" class=\"wp-caption-text\">So lagerst du \u00c4pfel korrekt.<\/figcaption><\/figure>\n<p>Obst und Gem\u00fcse m\u00fcssen in jedem Fall getrennt voneinander gelagert werden. Vor allem das Streuobst, aber auch Bananen und Pfirsiche, sondert nach der Ernte das Wachstumshormon Ethylen aus, welches den Verderb anderer Fr\u00fcchte beschleunigt und diese binnen k\u00fcrzester Zeit faulen l\u00e4sst. Kartoffeln k\u00f6nnen in diesem Fall austreiben und es wird von einem Verzehr abgeraten.<\/p>\n<p>Eine regelm\u00e4\u00dfige Kontrolle und Auslese der Ware ist unverzichtbar. Verdorbene Produkte m\u00fcssen sofort aussortiert werden, um F\u00e4ulnis und Schimmelausbreitung vorzubeugen.<\/p>\n<p>In dieser Tabelle haben wir alles Wissenswerte f\u00fcr dich zusammengefasst.<\/p>\n<table class=\"aligncenter\" style=\"height: 1092px;\" border=\"1\" width=\"622\">\n<tbody>\n<tr>\n<td width=\"206\"><strong><span style=\"color: #000000;\">Lebensmittel<\/span><\/strong><\/td>\n<td width=\"238\"><strong><span style=\"color: #000000;\">Lagerbedingungen<\/span><\/strong><\/td>\n<td width=\"160\"><strong><span style=\"color: #000000;\">Lagerzeit<\/span><\/strong><\/td>\n<\/tr>\n<tr>\n<td width=\"206\"><span style=\"color: #993300;\">\u00c4pfel und Birnen<\/span><\/td>\n<td width=\"238\"><span style=\"color: #993300;\">Einlagig und gut bel\u00fcftet, mit dem Stiel nach oben. Am besten eignen sich hierzu sogenannte Apfelstiegen oder Apfelschubladen. Lagerf\u00e4hige \u00c4pfel und Birnen entfalten erst nach einer gewissen Lagerzeit ihr volles Aroma.<\/span><\/td>\n<td width=\"160\"><span style=\"color: #993300;\">Bis zu 7 Monate<\/span><\/td>\n<\/tr>\n<tr>\n<td width=\"206\"><span style=\"color: #c4630e;\">K\u00fcrbisse<\/span><\/td>\n<td width=\"238\"><span style=\"color: #c4630e;\">In einem Holzregal oder aufgeh\u00e4ngt in Netzen. Die K\u00fcrbisse sollten vor der Lagerung nicht behandelt, oder gewaschen werden. Der Stiel kann gegebenenfalls einen Zentimeter gek\u00fcrzt werden. Einen reifen K\u00fcrbis erkennst du dran, dass die Schale so hart ist, dass sie sich nicht mit dem Nagel einritzen l\u00e4sst.<\/span><\/td>\n<td width=\"160\"><span style=\"color: #c4630e;\">Bis zu 8 Monate<\/span><\/td>\n<\/tr>\n<tr>\n<td width=\"206\"><span style=\"color: #805a09;\">Wurzelgem\u00fcse (au\u00dfer Kartoffeln)<\/span><\/td>\n<td width=\"238\"><span style=\"color: #805a09;\">Schichtweise in Sandkisten mit feuchtem Sand vergraben. Zwiebeln und Knollen k\u00f6nnen auch an ihren geflochtenen Bl\u00e4ttern aufgeh\u00e4ngt werden.<\/span><\/td>\n<td width=\"160\"><span style=\"color: #805a09;\">2-6 Monate<\/span><\/td>\n<\/tr>\n<tr>\n<td width=\"206\"><span style=\"color: #a38931;\">Kartoffeln<\/span><\/td>\n<td width=\"238\"><span style=\"color: #a38931;\">In Holzkisten, oder Leinens\u00e4cken, in jedem Fall jedoch getrennt von Obst.<\/span><br \/>\n<span style=\"color: #a38931;\"> Eine gute Bel\u00fcftung ist besonders wichtig. Stapele nicht zu viele Kartoffeln<\/span><br \/>\n<span style=\"color: #a38931;\"> \u00fcbereinander, da diese leicht Druckstellen bekommen. Kartoffeln, die zu viel Licht ausgesetzt sind, bekommen gr\u00fcne Stellen, in denen sich das Pflanzengift Solanin anlagert.<\/span><\/td>\n<td width=\"160\"><span style=\"color: #a38931;\">Bis zu 7 Monaten<\/span><\/td>\n<\/tr>\n<tr>\n<td width=\"206\"><span style=\"color: #6b4524;\">Kohlgem\u00fcse<\/span><\/td>\n<td width=\"238\"><span style=\"color: #6b4524;\">Kohlgem\u00fcse lagert sich am besten in Backpapier gewickelt und aufrecht in eine Holzkiste gestellt, kann aber auch kopf\u00fcber aufgeh\u00e4ngt werden.<\/span><\/td>\n<td width=\"160\"><span style=\"color: #6b4524;\">1-4 Wochen<\/span><\/td>\n<\/tr>\n<\/tbody>\n<\/table>\n<h2><\/h2>\n<h2>Tipp f\u00fcr Weinliebhaber<\/h2>\n<p>Die Lagerung von Weinen ist im Erdkeller aufgrund der Temperaturen nur bedingt empfehlenswert. Wei\u00dfweine lagern in der Regel bei 11-14 Grad und Rotweine bei 15-18 Grad. Vor allem Flaschen mit Naturkorken sollten dabei getrennt von Zwiebeln und anderen stark riechenden Lebensmitteln aufbewahrt werden, da die Korken Ger\u00fcche leicht aufnehmen und an das Aroma im Flascheninneren weitergeben.<\/p>\n<h2>Alternative zum Erdkeller: Das Gartenhaus<\/h2>\n<p>Auch ohne einen Erdkeller gibt es eine sch\u00f6ne Alternative f\u00fcr das Einlagern der eigenen Ernte, die vielleicht schon in deinem Garten steht: Dein Gartenhaus! Im Winter k\u00f6nnen Lebensmittel hier energieschonend bei Temperaturen \u00fcber 8 Grad gelagert werden, ohne dass sie dabei erfrieren.<\/p>\n<p>Interesse geweckt? In unserem Gartenhaus.com Onlineshop findest du eine gro\u00dfe Auswahl unterschiedlichster <a href=\"\/gartenhaeuser\">Gartenh\u00e4user<\/a>, die den perfekten \u00dcberwinterungsplatz f\u00fcr deine Vorr\u00e4te bieten.<\/p>\n<p>***<\/p>\n<p><small>Bilder: Titelbild: \u00a9iStock\/Nic_Ol; Bild 1 \u00a9iStock\/ET1972; Bild 2 \u00a9iStock\/jatrax; Bild 3 \u00a9iStock\/PetrGreen<\/small><\/p>\n<div class=\"shariff shariff-align-center shariff-widget-align-flex-start\" style=\"display:none\" data-services=\"facebook%7Cpinterest\" data-url=\"https%3A%2F%2Fwww.gartenhaus.at%2Fmagazin%2Flagerung-im-erdkeller%2F\" data-timestamp=\"1767878351\" data-hidezero=\"1\" data-backendurl=\"https:\/\/www.gartenhaus.at\/magazin\/wp-json\/shariff\/v1\/share_counts?\"><div class=\"ShariffHeadline\">Teile diesen Beitrag<\/div><ul class=\"shariff-buttons theme-white orientation-horizontal buttonsize-medium\"><li class=\"shariff-button facebook shariff-nocustomcolor\" style=\"background-color:#4273c8\"><a href=\"https:\/\/www.facebook.com\/sharer\/sharer.php?u=https%3A%2F%2Fwww.gartenhaus.at%2Fmagazin%2Flagerung-im-erdkeller%2F\" title=\"Bei Facebook teilen\" aria-label=\"Bei Facebook teilen\" role=\"button\" rel=\"nofollow\" class=\"shariff-link\" style=\"; background-color:#3b5998; color:#3b5998\" target=\"_blank\"><span class=\"shariff-icon\" style=\"fill:#3b5998\"><svg width=\"32px\" height=\"20px\" xmlns=\"http:\/\/www.w3.org\/2000\/svg\" viewBox=\"0 0 18 32\"><path fill=\"#3b5998\" d=\"M17.1 0.2v4.7h-2.8q-1.5 0-2.1 0.6t-0.5 1.9v3.4h5.2l-0.7 5.3h-4.5v13.6h-5.5v-13.6h-4.5v-5.3h4.5v-3.9q0-3.3 1.9-5.2t5-1.8q2.6 0 4.1 0.2z\"\/><\/svg><\/span><span class=\"shariff-text\" style=\"color:#3b5998\">teilen<\/span>&nbsp;<span data-service=\"facebook\" style=\"color:#3b5998\" class=\"shariff-count shariff-hidezero\"><\/span>&nbsp;<\/a><\/li><li class=\"shariff-button twitter shariff-nocustomcolor\" style=\"background-color:#595959\"><a href=\"https:\/\/twitter.com\/share?url=https%3A%2F%2Fwww.gartenhaus.at%2Fmagazin%2Flagerung-im-erdkeller%2F&text=Lagerung%20im%20Erdkeller%3A%20So%20lagerst%20du%20Obst%20%26%20Gem%C3%BCse%20richtig\" title=\"Bei X teilen\" aria-label=\"Bei X teilen\" role=\"button\" rel=\"noopener nofollow\" class=\"shariff-link\" style=\"; background-color:#000; color:#000\" target=\"_blank\"><span class=\"shariff-icon\" style=\"fill:#000\"><svg width=\"32px\" height=\"20px\" xmlns=\"http:\/\/www.w3.org\/2000\/svg\" viewBox=\"0 0 24 24\"><path fill=\"#000\" d=\"M14.258 10.152L23.176 0h-2.113l-7.747 8.813L7.133 0H0l9.352 13.328L0 23.973h2.113l8.176-9.309 6.531 9.309h7.133zm-2.895 3.293l-.949-1.328L2.875 1.56h3.246l6.086 8.523.945 1.328 7.91 11.078h-3.246zm0 0\"\/><\/svg><\/span><span class=\"shariff-text\" style=\"color:#000\">teilen<\/span>&nbsp;<\/a><\/li><li class=\"shariff-button pinterest shariff-nocustomcolor\" style=\"background-color:#e70f18\"><a href=\"https:\/\/www.pinterest.com\/pin\/create\/link\/?url=https%3A%2F%2Fwww.gartenhaus.at%2Fmagazin%2Flagerung-im-erdkeller%2F&media=https%3A%2F%2Fwww.gartenhaus.at%2Fmagazin%2Fwp-content%2Fuploads%2F2016%2F11%2Feingang-erdkeller2.jpg&description=Lagerung%20im%20Erdkeller%3A%20So%20lagerst%20du%20Obst%20%26%20Gem%C3%BCse%20richtig\" title=\"Bei Pinterest pinnen\" aria-label=\"Bei Pinterest pinnen\" role=\"button\" rel=\"noopener nofollow\" class=\"shariff-link\" style=\"; background-color:#cb2027; color:#cb2027\" target=\"_blank\"><span class=\"shariff-icon\" style=\"fill:#cb2027\"><svg width=\"32px\" height=\"20px\" xmlns=\"http:\/\/www.w3.org\/2000\/svg\" viewBox=\"0 0 27 32\"><path fill=\"#cb2027\" d=\"M27.4 16q0 3.7-1.8 6.9t-5 5-6.9 1.9q-2 0-3.9-0.6 1.1-1.7 1.4-2.9 0.2-0.6 1-3.8 0.4 0.7 1.3 1.2t2 0.5q2.1 0 3.8-1.2t2.7-3.4 0.9-4.8q0-2-1.1-3.8t-3.1-2.9-4.5-1.2q-1.9 0-3.5 0.5t-2.8 1.4-2 2-1.2 2.3-0.4 2.4q0 1.9 0.7 3.3t2.1 2q0.5 0.2 0.7-0.4 0-0.1 0.1-0.5t0.2-0.5q0.1-0.4-0.2-0.8-0.9-1.1-0.9-2.7 0-2.7 1.9-4.6t4.9-2q2.7 0 4.2 1.5t1.5 3.8q0 3-1.2 5.2t-3.1 2.1q-1.1 0-1.7-0.8t-0.4-1.9q0.1-0.6 0.5-1.7t0.5-1.8 0.2-1.4q0-0.9-0.5-1.5t-1.4-0.6q-1.1 0-1.9 1t-0.8 2.6q0 1.3 0.4 2.2l-1.8 7.5q-0.3 1.2-0.2 3.2-3.7-1.6-6-5t-2.3-7.6q0-3.7 1.9-6.9t5-5 6.9-1.9 6.9 1.9 5 5 1.8 6.9z\"\/><\/svg><\/span><span class=\"shariff-text\" style=\"color:#cb2027\">merken<\/span>&nbsp;<span data-service=\"pinterest\" style=\"color:#cb2027\" class=\"shariff-count\"> 12<\/span>&nbsp;<\/a><\/li><li class=\"shariff-button whatsapp shariff-nocustomcolor\" style=\"background-color:#5cbe4a\"><a href=\"https:\/\/api.whatsapp.com\/send?text=https%3A%2F%2Fwww.gartenhaus.at%2Fmagazin%2Flagerung-im-erdkeller%2F%20Lagerung%20im%20Erdkeller%3A%20So%20lagerst%20du%20Obst%20%26%20Gem%C3%BCse%20richtig\" title=\"Bei Whatsapp teilen\" aria-label=\"Bei Whatsapp teilen\" role=\"button\" rel=\"noopener nofollow\" class=\"shariff-link\" style=\"; background-color:#34af23; color:#34af23\" target=\"_blank\"><span class=\"shariff-icon\" style=\"fill:#34af23\"><svg width=\"32px\" height=\"20px\" xmlns=\"http:\/\/www.w3.org\/2000\/svg\" viewBox=\"0 0 32 32\"><path fill=\"#34af23\" d=\"M17.6 17.4q0.2 0 1.7 0.8t1.6 0.9q0 0.1 0 0.3 0 0.6-0.3 1.4-0.3 0.7-1.3 1.2t-1.8 0.5q-1 0-3.4-1.1-1.7-0.8-3-2.1t-2.6-3.3q-1.3-1.9-1.3-3.5v-0.1q0.1-1.6 1.3-2.8 0.4-0.4 0.9-0.4 0.1 0 0.3 0t0.3 0q0.3 0 0.5 0.1t0.3 0.5q0.1 0.4 0.6 1.6t0.4 1.3q0 0.4-0.6 1t-0.6 0.8q0 0.1 0.1 0.3 0.6 1.3 1.8 2.4 1 0.9 2.7 1.8 0.2 0.1 0.4 0.1 0.3 0 1-0.9t0.9-0.9zM14 26.9q2.3 0 4.3-0.9t3.6-2.4 2.4-3.6 0.9-4.3-0.9-4.3-2.4-3.6-3.6-2.4-4.3-0.9-4.3 0.9-3.6 2.4-2.4 3.6-0.9 4.3q0 3.6 2.1 6.6l-1.4 4.2 4.3-1.4q2.8 1.9 6.2 1.9zM14 2.2q2.7 0 5.2 1.1t4.3 2.9 2.9 4.3 1.1 5.2-1.1 5.2-2.9 4.3-4.3 2.9-5.2 1.1q-3.5 0-6.5-1.7l-7.4 2.4 2.4-7.2q-1.9-3.2-1.9-6.9 0-2.7 1.1-5.2t2.9-4.3 4.3-2.9 5.2-1.1z\"\/><\/svg><\/span><span class=\"shariff-text\" style=\"color:#34af23\">teilen<\/span>&nbsp;<\/a><\/li><li class=\"shariff-button rss shariff-nocustomcolor\" style=\"background-color:#ff8c00\"><a href=\"\/magazin\/feed\/\" title=\"RSS-feed\" aria-label=\"RSS-feed\" role=\"button\" class=\"shariff-link\" style=\"; background-color:#fe9312; color:#fe9312\" target=\"_blank\"><span class=\"shariff-icon\" style=\"fill:#fe9312\"><svg width=\"32px\" height=\"20px\" xmlns=\"http:\/\/www.w3.org\/2000\/svg\" viewBox=\"0 0 32 32\"><path fill=\"#fe9312\" d=\"M4.3 23.5c-2.3 0-4.3 1.9-4.3 4.3 0 2.3 1.9 4.2 4.3 4.2 2.4 0 4.3-1.9 4.3-4.2 0-2.3-1.9-4.3-4.3-4.3zM0 10.9v6.1c4 0 7.7 1.6 10.6 4.4 2.8 2.8 4.4 6.6 4.4 10.6h6.2c0-11.7-9.5-21.1-21.1-21.1zM0 0v6.1c14.2 0 25.8 11.6 25.8 25.9h6.2c0-17.6-14.4-32-32-32z\"\/><\/svg><\/span><span class=\"shariff-text\" style=\"color:#fe9312\">RSS-feed<\/span>&nbsp;<\/a><\/li><li class=\"shariff-button mailto shariff-nocustomcolor\" style=\"background-color:#a8a8a8\"><a href=\"mailto:?body=https%3A%2F%2Fwww.gartenhaus.at%2Fmagazin%2Flagerung-im-erdkeller%2F&subject=Lagerung%20im%20Erdkeller%3A%20So%20lagerst%20du%20Obst%20%26%20Gem%C3%BCse%20richtig\" title=\"Per E-Mail versenden\" aria-label=\"Per E-Mail versenden\" role=\"button\" rel=\"noopener nofollow\" class=\"shariff-link\" style=\"; background-color:#999; color:#999\"><span class=\"shariff-icon\" style=\"fill:#999\"><svg width=\"32px\" height=\"20px\" xmlns=\"http:\/\/www.w3.org\/2000\/svg\" viewBox=\"0 0 32 32\"><path fill=\"#999\" d=\"M32 12.7v14.2q0 1.2-0.8 2t-2 0.9h-26.3q-1.2 0-2-0.9t-0.8-2v-14.2q0.8 0.9 1.8 1.6 6.5 4.4 8.9 6.1 1 0.8 1.6 1.2t1.7 0.9 2 0.4h0.1q0.9 0 2-0.4t1.7-0.9 1.6-1.2q3-2.2 8.9-6.1 1-0.7 1.8-1.6zM32 7.4q0 1.4-0.9 2.7t-2.2 2.2q-6.7 4.7-8.4 5.8-0.2 0.1-0.7 0.5t-1 0.7-0.9 0.6-1.1 0.5-0.9 0.2h-0.1q-0.4 0-0.9-0.2t-1.1-0.5-0.9-0.6-1-0.7-0.7-0.5q-1.6-1.1-4.7-3.2t-3.6-2.6q-1.1-0.7-2.1-2t-1-2.5q0-1.4 0.7-2.3t2.1-0.9h26.3q1.2 0 2 0.8t0.9 2z\"\/><\/svg><\/span><span class=\"shariff-text\" style=\"color:#999\">E-Mail<\/span>&nbsp;<\/a><\/li><\/ul><\/div>","protected":false},"excerpt":{"rendered":"<p>Der Erdkeller ist ein optimaler und energieeffizienter Lagerraum. Wie du diesen richtig nutzt und was du \u00fcber die Lagerbedingungen der einzelnen Obst- und Gem\u00fcsesorten unbedingt wissen solltest, erf\u00e4hrst du im Beitrag.<\/p>\n","protected":false},"author":2,"featured_media":27837,"comment_status":"open","ping_status":"closed","sticky":false,"template":"","format":"standard","meta":{"footnotes":""},"categories":[5903],"tags":[5913,5914],"class_list":["post-44556","post","type-post","status-publish","format-standard","has-post-thumbnail","hentry","category-garten-tipps","tag-diy","tag-gartengestaltung"],"yoast_head":"<!-- This site is optimized with the Yoast SEO Premium plugin v15.0 - https:\/\/yoast.com\/wordpress\/plugins\/seo\/ -->\n<title>Lagerung im Erdkeller: So lagerst du Obst &amp; Gem\u00fcse richtig<\/title>\n<meta name=\"description\" content=\"\u00c4pfel, Kartoffeln und Co. energieeffizient lagern: Hier erf\u00e4hrst du, was du \u00fcber die Lagerungsbedingungen im Erdkeller wissen musst.\" \/>\n<meta name=\"robots\" content=\"index, follow, max-snippet:-1, max-image-preview:large, max-video-preview:-1\" \/>\n<link rel=\"canonical\" href=\"https:\/\/www.gartenhaus.at\/magazin\/lagerung-im-erdkeller\/\" \/>\n<meta property=\"og:locale\" content=\"de_DE\" \/>\n<meta property=\"og:type\" content=\"article\" \/>\n<meta property=\"og:title\" content=\"Lagerung im Erdkeller: So lagerst du Obst &amp; Gem\u00fcse richtig\" \/>\n<meta property=\"og:description\" content=\"\u00c4pfel, Kartoffeln und Co. energieeffizient lagern: Hier erf\u00e4hrst du, was du \u00fcber die Lagerungsbedingungen im Erdkeller wissen musst.\" \/>\n<meta property=\"og:url\" content=\"https:\/\/www.gartenhaus.at\/magazin\/lagerung-im-erdkeller\/\" \/>\n<meta property=\"og:site_name\" content=\"Gartenhaus.com Magazin\" \/>\n<meta property=\"article:published_time\" content=\"2016-11-18T09:30:47+00:00\" \/>\n<meta property=\"article:modified_time\" content=\"2026-01-08T12:19:11+00:00\" \/>\n<meta property=\"og:image\" content=\"https:\/\/www.gartenhaus.at\/magazin\/wp-content\/uploads\/2016\/11\/eingang-erdkeller2.jpg\" \/>\n\t<meta property=\"og:image:width\" content=\"824\" \/>\n\t<meta property=\"og:image:height\" content=\"547\" \/>\n<meta name=\"twitter:card\" content=\"summary\" \/>\n<script type=\"application\/ld+json\" class=\"yoast-schema-graph\">{\"@context\":\"https:\/\/schema.org\",\"@graph\":[{\"@type\":\"WebSite\",\"@id\":\"https:\/\/www.gartenhaus.at\/magazin\/#website\",\"url\":\"https:\/\/www.gartenhaus.at\/magazin\/\",\"name\":\"Gartenhaus.com Magazin\",\"description\":\"Dein Onlineshop rund um das Gartenhaus\",\"potentialAction\":[{\"@type\":\"SearchAction\",\"target\":\"https:\/\/www.gartenhaus.at\/magazin\/?s={search_term_string}\",\"query-input\":\"required name=search_term_string\"}],\"inLanguage\":\"de-AT\"},{\"@type\":\"ImageObject\",\"@id\":\"https:\/\/www.gartenhaus.at\/magazin\/lagerung-im-erdkeller\/#primaryimage\",\"inLanguage\":\"de-AT\",\"url\":\"https:\/\/www.gartenhaus.at\/magazin\/wp-content\/uploads\/2016\/11\/eingang-erdkeller2.jpg\",\"width\":824,\"height\":547},{\"@type\":\"WebPage\",\"@id\":\"https:\/\/www.gartenhaus.at\/magazin\/lagerung-im-erdkeller\/#webpage\",\"url\":\"https:\/\/www.gartenhaus.at\/magazin\/lagerung-im-erdkeller\/\",\"name\":\"Lagerung im Erdkeller: So lagerst du Obst & Gem\\u00fcse richtig\",\"isPartOf\":{\"@id\":\"https:\/\/www.gartenhaus.at\/magazin\/#website\"},\"primaryImageOfPage\":{\"@id\":\"https:\/\/www.gartenhaus.at\/magazin\/lagerung-im-erdkeller\/#primaryimage\"},\"datePublished\":\"2016-11-18T09:30:47+00:00\",\"dateModified\":\"2026-01-08T12:19:11+00:00\",\"author\":{\"@id\":\"https:\/\/www.gartenhaus.at\/magazin\/#\/schema\/person\/5b9bfc960f102bc5fc6ef396333e26a8\"},\"description\":\"\\u00c4pfel, Kartoffeln und Co. energieeffizient lagern: Hier erf\\u00e4hrst du, was du \\u00fcber die Lagerungsbedingungen im Erdkeller wissen musst.\",\"inLanguage\":\"de-AT\",\"potentialAction\":[{\"@type\":\"ReadAction\",\"target\":[\"https:\/\/www.gartenhaus.at\/magazin\/lagerung-im-erdkeller\/\"]}]},{\"@type\":\"Person\",\"@id\":\"https:\/\/www.gartenhaus.at\/magazin\/#\/schema\/person\/5b9bfc960f102bc5fc6ef396333e26a8\",\"name\":\"gartenhausgmbh\",\"image\":{\"@type\":\"ImageObject\",\"@id\":\"https:\/\/www.gartenhaus.at\/magazin\/#personlogo\",\"inLanguage\":\"de-AT\",\"url\":\"https:\/\/secure.gravatar.com\/avatar\/0c29c68dc20e65ba9790e5bbd7f7f0b76adf73a561e145dfffee0491eb1b106d?s=96&d=identicon&r=g\",\"caption\":\"gartenhausgmbh\"}}]}<\/script>\n<!-- \/ Yoast SEO Premium plugin. -->","_links":{"self":[{"href":"https:\/\/www.gartenhaus.at\/magazin\/wp-json\/wp\/v2\/posts\/44556","targetHints":{"allow":["GET"]}}],"collection":[{"href":"https:\/\/www.gartenhaus.at\/magazin\/wp-json\/wp\/v2\/posts"}],"about":[{"href":"https:\/\/www.gartenhaus.at\/magazin\/wp-json\/wp\/v2\/types\/post"}],"author":[{"embeddable":true,"href":"https:\/\/www.gartenhaus.at\/magazin\/wp-json\/wp\/v2\/users\/2"}],"replies":[{"embeddable":true,"href":"https:\/\/www.gartenhaus.at\/magazin\/wp-json\/wp\/v2\/comments?post=44556"}],"version-history":[{"count":0,"href":"https:\/\/www.gartenhaus.at\/magazin\/wp-json\/wp\/v2\/posts\/44556\/revisions"}],"wp:featuredmedia":[{"embeddable":true,"href":"https:\/\/www.gartenhaus.at\/magazin\/wp-json\/wp\/v2\/media\/27837"}],"wp:attachment":[{"href":"https:\/\/www.gartenhaus.at\/magazin\/wp-json\/wp\/v2\/media?parent=44556"}],"wp:term":[{"taxonomy":"category","embeddable":true,"href":"https:\/\/www.gartenhaus.at\/magazin\/wp-json\/wp\/v2\/categories?post=44556"},{"taxonomy":"post_tag","embeddable":true,"href":"https:\/\/www.gartenhaus.at\/magazin\/wp-json\/wp\/v2\/tags?post=44556"}],"curies":[{"name":"wp","href":"https:\/\/api.w.org\/{rel}","templated":true}]}}