{"id":48659,"date":"2026-01-30T15:34:19","date_gmt":"2026-01-30T14:34:19","guid":{"rendered":"https:\/\/www.gartenhaus.com\/magazin\/?p=48659"},"modified":"2026-02-13T07:36:56","modified_gmt":"2026-02-13T06:36:56","slug":"gartenhaus-com-award-2025-das-sind-die-schoenen-gewinner-unseres-fotowettbewerbs","status":"publish","type":"post","link":"https:\/\/www.gartenhaus.at\/magazin\/gartenhaus-com-award-2025-das-sind-die-schoenen-gewinner-unseres-fotowettbewerbs\/","title":{"rendered":"Gartenhaus.com Award 2025: Das sind die sch\u00f6nen Gewinner unseres Fotowettbewerbs"},"content":{"rendered":"<p>Kreativit\u00e4t, Liebe zum Detail und ganz pers\u00f6nliche Gartenideen standen im Fokus unseres Gartenhaus.com Award Fotowettbewerbs 2025. Die Vielzahl an beeindruckenden Einsendungen hat uns die Auswahl wahrlich nicht leicht gemacht. Doch jetzt ist es so weit: Wir stellen die Gewinner und ihre wundersch\u00f6nen Projekte vor. Schau rein und entdecke direkt Inspirationen f\u00fcr dein n\u00e4chstes Gartenprojekt.<!--more--><\/p>\n<h2>Die Gewinner unseres Gartenhaus.com Awards 2025<\/h2>\n<h3>3. Platz: Fasssauna Ellipso M<\/h3>\n<p data-start=\"177\" data-end=\"602\">Die <a href=\"\/finntherm-fasssauna-ellipso-m.html\"><strong data-start=\"189\" data-end=\"212\">Fasssauna Ellipso M<\/strong><\/a> von unserer Kundin Birgit G. hat uns mit seinem stimmigen Gesamtbild \u00fcberzeugt hat.<\/p>\n<p data-start=\"177\" data-end=\"602\">Die dunkel lasierte Front gibt der Holzsauna einen modernen, ruhigen Charakter und hebt sie angenehm vom restlichen Au\u00dfenbereich ab, ohne dabei dominant zu wirken.<\/p>\n<p data-start=\"177\" data-end=\"602\"><img decoding=\"async\" class=\"alignnone size-full wp-image-48653\" src=\"https:\/\/www.gartenhaus.com\/magazin\/wp-content\/uploads\/2026\/01\/sauna-komplettset-fasssauna-ellipso-m-gewinner-2025-4.jpg\" alt=\"\" width=\"824\" height=\"548\" srcset=\"https:\/\/www.gartenhaus.at\/magazin\/wp-content\/uploads\/2026\/01\/sauna-komplettset-fasssauna-ellipso-m-gewinner-2025-4.jpg 824w, https:\/\/www.gartenhaus.at\/magazin\/wp-content\/uploads\/2026\/01\/sauna-komplettset-fasssauna-ellipso-m-gewinner-2025-4-300x200.jpg 300w, https:\/\/www.gartenhaus.at\/magazin\/wp-content\/uploads\/2026\/01\/sauna-komplettset-fasssauna-ellipso-m-gewinner-2025-4-768x511.jpg 768w\" sizes=\"(max-width: 824px) 100vw, 824px\" \/><\/p>\n<p data-start=\"177\" data-end=\"602\">Zusammen mit den runden Ecken der <a href=\"\/gartensauna\/fasssauna\">Fasssauna<\/a> entsteht ein sehr harmonischer Eindruck \u2013 genau so, wie man sich einen privaten Ort zum Abschalten und Entspannen vorstellt.<\/p>\n<p data-start=\"1134\" data-end=\"1481\">Und auch Frau G. ist begeistert:<\/p>\n<blockquote><p>&#8222;Hat alles prima geklappt. Lieferung sowie der Aufbau waren top.&#8220;<\/p><\/blockquote>\n<p data-start=\"177\" data-end=\"602\"><img decoding=\"async\" class=\"alignnone size-full wp-image-48644\" src=\"https:\/\/www.gartenhaus.com\/magazin\/wp-content\/uploads\/2026\/01\/sauna-komplettset-fasssauna-ellipso-m-gewinner-2025-1.jpg\" alt=\"\" width=\"824\" height=\"618\" srcset=\"https:\/\/www.gartenhaus.at\/magazin\/wp-content\/uploads\/2026\/01\/sauna-komplettset-fasssauna-ellipso-m-gewinner-2025-1.jpg 824w, https:\/\/www.gartenhaus.at\/magazin\/wp-content\/uploads\/2026\/01\/sauna-komplettset-fasssauna-ellipso-m-gewinner-2025-1-300x225.jpg 300w, https:\/\/www.gartenhaus.at\/magazin\/wp-content\/uploads\/2026\/01\/sauna-komplettset-fasssauna-ellipso-m-gewinner-2025-1-768x576.jpg 768w\" sizes=\"(max-width: 824px) 100vw, 824px\" \/><\/p>\n<p data-start=\"604\" data-end=\"1132\">Besonders sch\u00f6n ist, wie unsere Kundin die Sauna f\u00fcr sich interpretiert hat. Mit wenigen, aber gezielten Gestaltungsentscheidungen ist aus der gelieferten Fasssauna ein ganz pers\u00f6nlicher R\u00fcckzugsort geworden, der klar zeigt, wie vielseitig sich unser <a href=\"\/gartensauna\">Gartensauna<\/a>-Modell einsetzen l\u00e4sst.<\/p>\n<p data-start=\"604\" data-end=\"1132\">Die Sauna wird von drei Personen genutzt und wirkt dabei weder zu eng noch zu \u00fcberladen. Die Bilder transportieren eine angenehme Ruhe und W\u00e4rme und machen deutlich, wie viel Atmosph\u00e4re unsere Kundin aus unserem Produkt herausgeholt hat.<\/p>\n<p><img decoding=\"async\" class=\"alignnone size-full wp-image-48650\" src=\"https:\/\/www.gartenhaus.at\/magazin\/wp-content\/uploads\/2026\/01\/sauna-komplettset-fasssauna-ellipso-m-gewinner-2025-3.jpg\" alt=\"\" width=\"824\" height=\"548\" srcset=\"https:\/\/www.gartenhaus.at\/magazin\/wp-content\/uploads\/2026\/01\/sauna-komplettset-fasssauna-ellipso-m-gewinner-2025-3.jpg 824w, https:\/\/www.gartenhaus.at\/magazin\/wp-content\/uploads\/2026\/01\/sauna-komplettset-fasssauna-ellipso-m-gewinner-2025-3-300x200.jpg 300w, https:\/\/www.gartenhaus.at\/magazin\/wp-content\/uploads\/2026\/01\/sauna-komplettset-fasssauna-ellipso-m-gewinner-2025-3-768x511.jpg 768w\" sizes=\"(max-width: 824px) 100vw, 824px\" \/><\/p>\n<p>Die Ellipso M-Sauna wird von drei Personen im Haushalt genutzt und dabei hat sich unsere Kundin f\u00fcr einen Elektroofen entschieden, der die Sauna schnell auf angenehme Temperaturen bringt und sich unkompliziert bedienen l\u00e4sst.<\/p>\n<p><img decoding=\"async\" class=\"alignnone size-full wp-image-48656\" src=\"https:\/\/www.gartenhaus.at\/magazin\/wp-content\/uploads\/2026\/01\/sauna-komplettset-fasssauna-ellipso-m-gewinner-2025-5.jpg\" alt=\"\" width=\"824\" height=\"548\" srcset=\"https:\/\/www.gartenhaus.at\/magazin\/wp-content\/uploads\/2026\/01\/sauna-komplettset-fasssauna-ellipso-m-gewinner-2025-5.jpg 824w, https:\/\/www.gartenhaus.at\/magazin\/wp-content\/uploads\/2026\/01\/sauna-komplettset-fasssauna-ellipso-m-gewinner-2025-5-300x200.jpg 300w, https:\/\/www.gartenhaus.at\/magazin\/wp-content\/uploads\/2026\/01\/sauna-komplettset-fasssauna-ellipso-m-gewinner-2025-5-768x511.jpg 768w\" sizes=\"(max-width: 824px) 100vw, 824px\" \/><\/p>\n<p data-start=\"1134\" data-end=\"1481\">Genau diese pers\u00f6nliche Umsetzung, der Blick f\u00fcrs Detail und das Gesp\u00fcr f\u00fcr eine stimmige Gestaltung waren f\u00fcr uns ausschlaggebend.<\/p>\n<p data-start=\"1134\" data-end=\"1481\">Das Projekt zeigt nicht nur die Fasssauna Ellipso M selbst, sondern auch, was Frau G. mit ein wenig Individualit\u00e4t daraus hat entstehen lassen \u2013 und hat damit den <strong>3. Platz beim Gartenhaus.com Award 2025<\/strong> ergattert.<\/p>\n<p><img decoding=\"async\" class=\"alignnone size-full wp-image-48647\" src=\"https:\/\/www.gartenhaus.at\/magazin\/wp-content\/uploads\/2026\/01\/sauna-komplettset-fasssauna-ellipso-m-gewinner-2025-2.jpg\" alt=\"\" width=\"824\" height=\"618\" srcset=\"https:\/\/www.gartenhaus.at\/magazin\/wp-content\/uploads\/2026\/01\/sauna-komplettset-fasssauna-ellipso-m-gewinner-2025-2.jpg 824w, https:\/\/www.gartenhaus.at\/magazin\/wp-content\/uploads\/2026\/01\/sauna-komplettset-fasssauna-ellipso-m-gewinner-2025-2-300x225.jpg 300w, https:\/\/www.gartenhaus.at\/magazin\/wp-content\/uploads\/2026\/01\/sauna-komplettset-fasssauna-ellipso-m-gewinner-2025-2-768x576.jpg 768w\" sizes=\"(max-width: 824px) 100vw, 824px\" \/><\/p>\n<h3>2. Platz: 5-Eck Gartenhaus Mosel<\/h3>\n<p data-start=\"326\" data-end=\"694\">Schon auf den ersten Blick wird deutlich, warum das <a href=\"\/5-eck-gartenhaus-mosel.html\"><strong data-start=\"378\" data-end=\"404\">5-Eck Gartenhaus Mosel<\/strong><\/a> beim Gartenhaus.com Award auf dem Sieger-Treppchen gelandet ist. Durch seine Form \u00f6ffnet sich das Gartenhaus zum Garten hin und schafft einen gesch\u00fctzten, aber gleichzeitig sehr offenen Bereich. Es wirkt nicht wie ein <a href=\"\/gartenhaeuser\/klassische-gartenhaeuser\">klassisches Gartenhaus<\/a>, sondern eher wie zus\u00e4tzlicher Wohnraum im Gr\u00fcnen.<\/p>\n<p data-start=\"326\" data-end=\"694\">Unser Kunde Enrico G. schreibt dazu:<\/p>\n<blockquote>\n<p data-start=\"326\" data-end=\"694\">&#8222;Wir haben uns nach langen \u00dcberlegungen f\u00fcr das 5-Eck Gartenhaus Mosel 40 mm entschieden und es nicht bereut. Den Aufbau konnte ich alleine bew\u00e4ltigen und es hat riesen Spa\u00df gemacht das Haus zu errichten. Zu zweit geht es nat\u00fcrlich auch :-)&#8220;<\/p>\n<\/blockquote>\n<p><img decoding=\"async\" class=\"alignnone size-full wp-image-48641\" src=\"https:\/\/www.gartenhaus.at\/magazin\/wp-content\/uploads\/2026\/01\/5-eck-gartenhaus-mosel-40mm-gewinner-2025-4.jpg\" alt=\"\" width=\"824\" height=\"550\" srcset=\"https:\/\/www.gartenhaus.at\/magazin\/wp-content\/uploads\/2026\/01\/5-eck-gartenhaus-mosel-40mm-gewinner-2025-4.jpg 824w, https:\/\/www.gartenhaus.at\/magazin\/wp-content\/uploads\/2026\/01\/5-eck-gartenhaus-mosel-40mm-gewinner-2025-4-300x200.jpg 300w, https:\/\/www.gartenhaus.at\/magazin\/wp-content\/uploads\/2026\/01\/5-eck-gartenhaus-mosel-40mm-gewinner-2025-4-768x513.jpg 768w\" sizes=\"(max-width: 824px) 100vw, 824px\" \/><\/p>\n<p data-start=\"696\" data-end=\"1091\">Was uns an diesem Projekt besonders gefallen hat, ist die Art, wie das <a href=\"\/gartenhaeuser\">Gartenhaus<\/a> genutzt wird. Die gro\u00dfz\u00fcgige Terrasse erweitert den Wohnraum nach drau\u00dfen und l\u00e4dt zum Verweilen ein \u2013 sei es f\u00fcr entspannte Stunden allein oder gesellige Momente mit Familie und Freunden.<\/p>\n<p data-start=\"696\" data-end=\"1091\">Innen und au\u00dfen gehen in dieser Gartenhaus-Einrichtung flie\u00dfend ineinander \u00fcber, wodurch ein Ort entsteht, der im Alltag wirklich genutzt wird und nicht nur gut aussieht.<\/p>\n<p data-start=\"696\" data-end=\"1091\">Die Bilder zeigen zudem, wie stimmig das Gartenhaus in das wundersch\u00f6ne Grundst\u00fcck eingebettet ist. Farben, Materialien und M\u00f6blierung sind aufeinander abgestimmt und unterstreichen den ruhigen, einladenden Charakter des Projekts.<\/p>\n<p><img decoding=\"async\" class=\"alignnone size-full wp-image-48632\" src=\"https:\/\/www.gartenhaus.at\/magazin\/wp-content\/uploads\/2026\/01\/5-eck-gartenhaus-mosel-40mm-gewinner-2025-1.jpg\" alt=\"\" width=\"824\" height=\"614\" srcset=\"https:\/\/www.gartenhaus.at\/magazin\/wp-content\/uploads\/2026\/01\/5-eck-gartenhaus-mosel-40mm-gewinner-2025-1.jpg 824w, https:\/\/www.gartenhaus.at\/magazin\/wp-content\/uploads\/2026\/01\/5-eck-gartenhaus-mosel-40mm-gewinner-2025-1-300x224.jpg 300w, https:\/\/www.gartenhaus.at\/magazin\/wp-content\/uploads\/2026\/01\/5-eck-gartenhaus-mosel-40mm-gewinner-2025-1-768x572.jpg 768w\" sizes=\"(max-width: 824px) 100vw, 824px\" \/><\/p>\n<p data-start=\"1093\" data-end=\"1414\">Man sp\u00fcrt, dass unser Kunde mit viel Gef\u00fchl geplant und umgesetzt hat, ohne dass es \u00fcberladen wirkt.<\/p>\n<p data-start=\"1093\" data-end=\"1414\">Er schreibt uns zu seinem Ergebnis:<\/p>\n<blockquote>\n<p data-start=\"1093\" data-end=\"1414\">&#8222;Es ist unser Mittelpunkt im Garten. Wenn Freunde da sind bekommen wir immer positives Feedback wie sch\u00f6n es bei uns ist und welch super Gartenhaus wir haben. Das freut uns nat\u00fcrlich zu h\u00f6ren.<\/p>\n<p data-start=\"1093\" data-end=\"1414\">Unsere Kids nutzen es zum chillen bzw Filme oder Fu\u00dfball schauen. Auch bei kaltem Wetter sind wir gern dort. Drau\u00dfen grillen und drinnen gem\u00fctlich essen. [] Alles in Allem w\u00fcrden wir es nochmal genau so machen.&#8220;<\/p>\n<\/blockquote>\n<p><img decoding=\"async\" class=\"alignnone size-full wp-image-48635\" src=\"https:\/\/www.gartenhaus.at\/magazin\/wp-content\/uploads\/2026\/01\/5-eck-gartenhaus-mosel-40mm-gewinner-2025-2.jpg\" alt=\"\" width=\"824\" height=\"597\" srcset=\"https:\/\/www.gartenhaus.at\/magazin\/wp-content\/uploads\/2026\/01\/5-eck-gartenhaus-mosel-40mm-gewinner-2025-2.jpg 824w, https:\/\/www.gartenhaus.at\/magazin\/wp-content\/uploads\/2026\/01\/5-eck-gartenhaus-mosel-40mm-gewinner-2025-2-300x217.jpg 300w, https:\/\/www.gartenhaus.at\/magazin\/wp-content\/uploads\/2026\/01\/5-eck-gartenhaus-mosel-40mm-gewinner-2025-2-768x556.jpg 768w\" sizes=\"(max-width: 824px) 100vw, 824px\" \/><\/p>\n<p data-start=\"1416\" data-end=\"1780\">Am Ende hat uns genau diese Mischung \u00fcberzeugt:<\/p>\n<ul>\n<li data-start=\"1416\" data-end=\"1780\">eine besondere Form,<\/li>\n<li data-start=\"1416\" data-end=\"1780\">eine klare Nutzungsidee und<\/li>\n<li data-start=\"1416\" data-end=\"1780\">eine Umsetzung, die den Garten sichtbar aufwertet.<\/li>\n<\/ul>\n<p data-start=\"1416\" data-end=\"1780\">Das 5-Eck Gartenhaus Mosel ist ein sch\u00f6nes Beispiel daf\u00fcr, wie aus einem unserer Produkte ein ganz individueller, pers\u00f6nlicher Lieblingsplatz entstehen kann \u2013 und hat sich damit verdient den <strong data-start=\"1731\" data-end=\"1769\">2. Platz beim Gartenhaus.com Award<\/strong> <strong>2025<\/strong> gesichert.<\/p>\n<p><img decoding=\"async\" class=\"alignnone size-full wp-image-48638\" src=\"https:\/\/www.gartenhaus.at\/magazin\/wp-content\/uploads\/2026\/01\/5-eck-gartenhaus-mosel-40mm-gewinner-2025-3.jpg\" alt=\"\" width=\"824\" height=\"550\" srcset=\"https:\/\/www.gartenhaus.at\/magazin\/wp-content\/uploads\/2026\/01\/5-eck-gartenhaus-mosel-40mm-gewinner-2025-3.jpg 824w, https:\/\/www.gartenhaus.at\/magazin\/wp-content\/uploads\/2026\/01\/5-eck-gartenhaus-mosel-40mm-gewinner-2025-3-300x200.jpg 300w, https:\/\/www.gartenhaus.at\/magazin\/wp-content\/uploads\/2026\/01\/5-eck-gartenhaus-mosel-40mm-gewinner-2025-3-768x513.jpg 768w\" sizes=\"(max-width: 824px) 100vw, 824px\" \/><\/p>\n<p data-start=\"1416\" data-end=\"1780\">Abschlie\u00dfend noch ein paar Worte, die uns nat\u00fcrlich sehr freuen und auch sehr stolz machen:<\/p>\n<blockquote>\n<p data-start=\"1416\" data-end=\"1780\">&#8222;Wir sind rund um zufrieden mit der Firma Gartenhaus.com. Super nette Leute, Bestellung, Lieferung und Aufbau hat alles perfekt gepasst. Auch die Internetseite ist super gemacht.&#8220;<\/p>\n<\/blockquote>\n<h3>1. Platz: Gartenhaus Kim-40<\/h3>\n<p data-start=\"218\" data-end=\"576\">Beim <a href=\"\/gartenhaus-kim-40.html\"><strong data-start=\"223\" data-end=\"244\">Gartenhaus Kim-40<\/strong><\/a> hatten wir sofort dieses <em data-start=\"270\" data-end=\"304\">\u201eWow, wie wundersch\u00f6n\u201c-Gef\u00fchl<\/em>. Die von unserer Kundin Diana K. eingesendeten Bilder strahlen Ruhe, W\u00e4rme und eine enorme Selbstverst\u00e4ndlichkeit aus.<\/p>\n<p data-start=\"218\" data-end=\"576\">Das Gartenhaus wirkt nicht wie ein zus\u00e4tzliches Geb\u00e4ude im Garten, sondern wie ein fester Bestandteil des Grundst\u00fccks \u2013 fast wie ein kleines Gartenwohnzimmer, das schon immer dort gestanden hat.<\/p>\n<p><img decoding=\"async\" class=\"alignnone size-full wp-image-48626\" src=\"https:\/\/www.gartenhaus.at\/magazin\/wp-content\/uploads\/2026\/01\/gartenhaus-kim-40-gewinner-2025-5.jpg\" alt=\"\" width=\"824\" height=\"550\" srcset=\"https:\/\/www.gartenhaus.at\/magazin\/wp-content\/uploads\/2026\/01\/gartenhaus-kim-40-gewinner-2025-5.jpg 824w, https:\/\/www.gartenhaus.at\/magazin\/wp-content\/uploads\/2026\/01\/gartenhaus-kim-40-gewinner-2025-5-300x200.jpg 300w, https:\/\/www.gartenhaus.at\/magazin\/wp-content\/uploads\/2026\/01\/gartenhaus-kim-40-gewinner-2025-5-768x513.jpg 768w\" sizes=\"(max-width: 824px) 100vw, 824px\" \/><\/p>\n<p data-start=\"578\" data-end=\"947\">Was dieses Projekt besonders macht, ist das Zusammenspiel aus<\/p>\n<ul>\n<li data-start=\"578\" data-end=\"947\">Haus,<\/li>\n<li data-start=\"578\" data-end=\"947\">Terrasse<\/li>\n<li data-start=\"578\" data-end=\"947\">und Garten.<\/li>\n<\/ul>\n<p data-start=\"578\" data-end=\"947\">Alles greift ineinander: Die \u00fcberdachte Terrasse l\u00e4dt zum Drau\u00dfensitzen ein, w\u00e4hrend der Innenraum genauso wohnlich und gem\u00fctlich wirkt.<\/p>\n<p data-start=\"578\" data-end=\"947\">Ob gemeinsames Essen, entspannte Abende oder einfach Zeit f\u00fcr sich \u2013 das Gartenhaus wird hier sichtbar gelebt und genutzt, nicht nur dekoriert.<\/p>\n<p data-start=\"578\" data-end=\"947\"><img decoding=\"async\" class=\"alignnone size-full wp-image-48623\" src=\"https:\/\/www.gartenhaus.com\/magazin\/wp-content\/uploads\/2026\/01\/gartenhaus-kim-40-gewinner-2025-4.jpg\" alt=\"\" width=\"824\" height=\"618\" srcset=\"https:\/\/www.gartenhaus.at\/magazin\/wp-content\/uploads\/2026\/01\/gartenhaus-kim-40-gewinner-2025-4.jpg 824w, https:\/\/www.gartenhaus.at\/magazin\/wp-content\/uploads\/2026\/01\/gartenhaus-kim-40-gewinner-2025-4-300x225.jpg 300w, https:\/\/www.gartenhaus.at\/magazin\/wp-content\/uploads\/2026\/01\/gartenhaus-kim-40-gewinner-2025-4-768x576.jpg 768w\" sizes=\"(max-width: 824px) 100vw, 824px\" \/><\/p>\n<p data-start=\"949\" data-end=\"1358\">Auch im Detail zeigt sich, wie viel Liebe in die Gestaltung geflossen ist. Farben, Materialien und Einrichtung sind sehr sch\u00f6n aufeinander abgestimmt.<\/p>\n<p data-start=\"949\" data-end=\"1358\">Gerade diese Nat\u00fcrlichkeit macht den Charme dieses Kundenprojektes aus: Nichts wirkt \u00fcberladen, alles f\u00fchlt sich stimmig an. Man merkt, dass hier nicht einem Trend gefolgt wurde, sondern ein Ort entstanden ist, der zum tats\u00e4chlichen Alltag der Bewohner passt.<\/p>\n<p><img decoding=\"async\" class=\"alignnone size-full wp-image-48629\" src=\"https:\/\/www.gartenhaus.at\/magazin\/wp-content\/uploads\/2026\/01\/gartenhaus-kim-40-gewinner-2025-6.jpg\" alt=\"\" width=\"824\" height=\"618\" srcset=\"https:\/\/www.gartenhaus.at\/magazin\/wp-content\/uploads\/2026\/01\/gartenhaus-kim-40-gewinner-2025-6.jpg 824w, https:\/\/www.gartenhaus.at\/magazin\/wp-content\/uploads\/2026\/01\/gartenhaus-kim-40-gewinner-2025-6-300x225.jpg 300w, https:\/\/www.gartenhaus.at\/magazin\/wp-content\/uploads\/2026\/01\/gartenhaus-kim-40-gewinner-2025-6-768x576.jpg 768w\" sizes=\"(max-width: 824px) 100vw, 824px\" \/><\/p>\n<blockquote>\n<p data-start=\"949\" data-end=\"1358\">&#8222;Der Aufbau hat ca. 4 Monate gedauert, weil wir einige \u00c4nderungen vorgenommen haben.<\/p>\n<ol>\n<li data-start=\"949\" data-end=\"1358\">Das Gartenhaus steht auf einer gepflasterten Fl\u00e4che auf 80 Bongossi-Kl\u00f6tzern mit Douglasienbrettern verbunden, um die Luftzirkulation f\u00fcr den Fu\u00dfboden der Laube zu gew\u00e4hrleisten.<\/li>\n<li data-start=\"949\" data-end=\"1358\">Wir haben den Dach\u00fcberstand vergr\u00f6\u00dfert, haben statt Dachpappe Dachziegel auf das Haus gelegt, Fensterbretter gebaut sowie eingesetzt und haben einen Wanddurchbruch vorgenommen, um mehr Platz im Innenraum zu schaffen.<\/li>\n<\/ol>\n<p>Meine S\u00f6hne nutzen die Gartenlaube f\u00fcr Darts, deshalb auch der Wanddurchbruch.&#8220;<\/p><\/blockquote>\n<p><img decoding=\"async\" class=\"alignnone size-full wp-image-48614\" src=\"https:\/\/www.gartenhaus.com\/magazin\/wp-content\/uploads\/2026\/01\/gartenhaus-kim-40-gewinner-2025-1.jpg\" alt=\"\" width=\"824\" height=\"616\" srcset=\"https:\/\/www.gartenhaus.at\/magazin\/wp-content\/uploads\/2026\/01\/gartenhaus-kim-40-gewinner-2025-1.jpg 824w, https:\/\/www.gartenhaus.at\/magazin\/wp-content\/uploads\/2026\/01\/gartenhaus-kim-40-gewinner-2025-1-300x224.jpg 300w, https:\/\/www.gartenhaus.at\/magazin\/wp-content\/uploads\/2026\/01\/gartenhaus-kim-40-gewinner-2025-1-768x574.jpg 768w\" sizes=\"(max-width: 824px) 100vw, 824px\" \/><\/p>\n<p data-start=\"1360\" data-end=\"1689\">Die Bilder zeigen eindrucksvoll, was aus einem Gartenhaus entstehen kann, wenn Funktion auf Gem\u00fctlichkeit trifft.<\/p>\n<p data-start=\"1360\" data-end=\"1689\">Das <strong data-start=\"1534\" data-end=\"1555\">Gartenhaus Kim-40<\/strong> und wie unsere Kundin es umgesetzt hat, ist f\u00fcr uns der Inbegriff eines gelungenen Gartenprojekts \u2013 und damit ein verdienter <strong data-start=\"1650\" data-end=\"1688\">1. Platz bei unserem Gartenhaus.com Award 2025<\/strong>.<\/p>\n<p><img decoding=\"async\" class=\"alignnone size-full wp-image-48617\" src=\"https:\/\/www.gartenhaus.at\/magazin\/wp-content\/uploads\/2026\/01\/gartenhaus-kim-40-gewinner-2025-2.jpg\" alt=\"\" width=\"824\" height=\"616\" srcset=\"https:\/\/www.gartenhaus.at\/magazin\/wp-content\/uploads\/2026\/01\/gartenhaus-kim-40-gewinner-2025-2.jpg 824w, https:\/\/www.gartenhaus.at\/magazin\/wp-content\/uploads\/2026\/01\/gartenhaus-kim-40-gewinner-2025-2-300x224.jpg 300w, https:\/\/www.gartenhaus.at\/magazin\/wp-content\/uploads\/2026\/01\/gartenhaus-kim-40-gewinner-2025-2-768x574.jpg 768w\" sizes=\"(max-width: 824px) 100vw, 824px\" \/><\/p>\n<p data-start=\"1620\" data-end=\"1909\">Wir gratulieren allen Gewinnerinnen und Gewinnern des diesj\u00e4hrigen Gartenhaus.com Award Fotowettbewerbs 2025 ganz herzlich. Diese Projekte zeigen beispielhaft, wie viel<\/p>\n<ul>\n<li data-start=\"1620\" data-end=\"1909\">Kreativit\u00e4t,<\/li>\n<li data-start=\"1620\" data-end=\"1909\">Leidenschaft und<\/li>\n<li data-start=\"1620\" data-end=\"1909\">Liebe zum Detail<\/li>\n<\/ul>\n<p data-start=\"1620\" data-end=\"1909\">in den G\u00e4rten unserer Kunden steckt.<\/p>\n<p><img decoding=\"async\" class=\"alignnone size-full wp-image-48620\" src=\"https:\/\/www.gartenhaus.at\/magazin\/wp-content\/uploads\/2026\/01\/gartenhaus-kim-40-gewinner-2025-3.jpg\" alt=\"\" width=\"824\" height=\"550\" srcset=\"https:\/\/www.gartenhaus.at\/magazin\/wp-content\/uploads\/2026\/01\/gartenhaus-kim-40-gewinner-2025-3.jpg 824w, https:\/\/www.gartenhaus.at\/magazin\/wp-content\/uploads\/2026\/01\/gartenhaus-kim-40-gewinner-2025-3-300x200.jpg 300w, https:\/\/www.gartenhaus.at\/magazin\/wp-content\/uploads\/2026\/01\/gartenhaus-kim-40-gewinner-2025-3-768x513.jpg 768w\" sizes=\"(max-width: 824px) 100vw, 824px\" \/><\/p>\n<p data-start=\"1911\" data-end=\"2384\">Ein ebenso gro\u00dfes Dankesch\u00f6n gilt allen, die am Wettbewerb teilgenommen und ihre Ideen mit uns geteilt haben. Die Vielzahl an herausragenden Einsendungen hat die Auswahl der drei Gewinner besonders anspruchsvoll f\u00fcr uns gemacht.<\/p>\n<p data-start=\"1911\" data-end=\"2384\">Solltest du in diesem Jahr nicht ausgezeichnet worden sein, freuen wir uns umso mehr, dich und deine Fotos beim n\u00e4chsten Gartenhaus.com Award wieder begr\u00fc\u00dfen zu d\u00fcrfen. Alle weiteren Infos findest du nach Ver\u00f6ffentlichung wie immer in unserem Magazin sowie auf unseren Social-Media-Kan\u00e4len.<\/p>\n<div class=\"su-service\"><div class=\"su-service-title\" style=\"padding-left:46px;min-height:32px;line-height:32px\"><i class=\"sui sui-star\" style=\"font-size:32px;color:#ff0066\"><\/i> Du hast nun auch Lust bekommen auf dein eigenes Gartenprojekt?<\/div><div class=\"su-service-content su-u-clearfix su-u-trim\" style=\"padding-left:46px\"> Schaue doch direkt in unserem Onlineshop nach einem <a href=\"\/gartenhaeuser\">Gartenhaus<\/a> oder einer <a href=\"\/sauna\">Sauna<\/a> f\u00fcr dich!<\/div><\/div>\n<p>***<\/p>\n<p><small>Titelbild: \u00a9Gartenhaus.com<\/small><br \/>\n<small>Artikelbilder: Bilder 2-16: \u00a9Gartenhaus.com\/Kundenprojekte<\/small><\/p>\n<div class=\"shariff shariff-align-center shariff-widget-align-flex-start\" style=\"display:none\" data-services=\"facebook%7Cpinterest\" data-url=\"https%3A%2F%2Fwww.gartenhaus.at%2Fmagazin%2Fgartenhaus-com-award-2025-das-sind-die-schoenen-gewinner-unseres-fotowettbewerbs%2F\" data-timestamp=\"1770968216\" data-hidezero=\"1\" data-backendurl=\"https:\/\/www.gartenhaus.at\/magazin\/wp-json\/shariff\/v1\/share_counts?\"><div class=\"ShariffHeadline\">Teile diesen Beitrag<\/div><ul class=\"shariff-buttons theme-white orientation-horizontal buttonsize-medium\"><li class=\"shariff-button facebook shariff-nocustomcolor\" style=\"background-color:#4273c8\"><a href=\"https:\/\/www.facebook.com\/sharer\/sharer.php?u=https%3A%2F%2Fwww.gartenhaus.at%2Fmagazin%2Fgartenhaus-com-award-2025-das-sind-die-schoenen-gewinner-unseres-fotowettbewerbs%2F\" title=\"Bei Facebook teilen\" aria-label=\"Bei Facebook teilen\" role=\"button\" rel=\"nofollow\" class=\"shariff-link\" style=\"; background-color:#3b5998; color:#3b5998\" target=\"_blank\"><span class=\"shariff-icon\" style=\"fill:#3b5998\"><svg width=\"32px\" height=\"20px\" xmlns=\"http:\/\/www.w3.org\/2000\/svg\" viewBox=\"0 0 18 32\"><path fill=\"#3b5998\" d=\"M17.1 0.2v4.7h-2.8q-1.5 0-2.1 0.6t-0.5 1.9v3.4h5.2l-0.7 5.3h-4.5v13.6h-5.5v-13.6h-4.5v-5.3h4.5v-3.9q0-3.3 1.9-5.2t5-1.8q2.6 0 4.1 0.2z\"\/><\/svg><\/span><span class=\"shariff-text\" style=\"color:#3b5998\">teilen<\/span>&nbsp;<span data-service=\"facebook\" style=\"color:#3b5998\" class=\"shariff-count shariff-hidezero\"><\/span>&nbsp;<\/a><\/li><li class=\"shariff-button twitter shariff-nocustomcolor\" style=\"background-color:#595959\"><a href=\"https:\/\/twitter.com\/share?url=https%3A%2F%2Fwww.gartenhaus.at%2Fmagazin%2Fgartenhaus-com-award-2025-das-sind-die-schoenen-gewinner-unseres-fotowettbewerbs%2F&text=Gartenhaus.com%20Award%202025%3A%20Das%20sind%20die%20sch%C3%B6nen%20Gewinner%20unseres%20Fotowettbewerbs\" title=\"Bei X teilen\" aria-label=\"Bei X teilen\" role=\"button\" rel=\"noopener nofollow\" class=\"shariff-link\" style=\"; background-color:#000; color:#000\" target=\"_blank\"><span class=\"shariff-icon\" style=\"fill:#000\"><svg width=\"32px\" height=\"20px\" xmlns=\"http:\/\/www.w3.org\/2000\/svg\" viewBox=\"0 0 24 24\"><path fill=\"#000\" d=\"M14.258 10.152L23.176 0h-2.113l-7.747 8.813L7.133 0H0l9.352 13.328L0 23.973h2.113l8.176-9.309 6.531 9.309h7.133zm-2.895 3.293l-.949-1.328L2.875 1.56h3.246l6.086 8.523.945 1.328 7.91 11.078h-3.246zm0 0\"\/><\/svg><\/span><span class=\"shariff-text\" style=\"color:#000\">teilen<\/span>&nbsp;<\/a><\/li><li class=\"shariff-button pinterest shariff-nocustomcolor\" style=\"background-color:#e70f18\"><a href=\"https:\/\/www.pinterest.com\/pin\/create\/link\/?url=https%3A%2F%2Fwww.gartenhaus.at%2Fmagazin%2Fgartenhaus-com-award-2025-das-sind-die-schoenen-gewinner-unseres-fotowettbewerbs%2F&media=https%3A%2F%2Fwww.gartenhaus.at%2Fmagazin%2Fwp-content%2Fuploads%2F2026%2F01%2Fgartenhaus-fotowettbewerb-gewinner-2026.jpg&description=Gartenhaus.com%20Award%202025%3A%20Das%20sind%20die%20sch%C3%B6nen%20Gewinner%20unseres%20Fotowettbewerbs\" title=\"Bei Pinterest pinnen\" aria-label=\"Bei Pinterest pinnen\" role=\"button\" rel=\"noopener nofollow\" class=\"shariff-link\" style=\"; background-color:#cb2027; color:#cb2027\" target=\"_blank\"><span class=\"shariff-icon\" style=\"fill:#cb2027\"><svg width=\"32px\" height=\"20px\" xmlns=\"http:\/\/www.w3.org\/2000\/svg\" viewBox=\"0 0 27 32\"><path fill=\"#cb2027\" d=\"M27.4 16q0 3.7-1.8 6.9t-5 5-6.9 1.9q-2 0-3.9-0.6 1.1-1.7 1.4-2.9 0.2-0.6 1-3.8 0.4 0.7 1.3 1.2t2 0.5q2.1 0 3.8-1.2t2.7-3.4 0.9-4.8q0-2-1.1-3.8t-3.1-2.9-4.5-1.2q-1.9 0-3.5 0.5t-2.8 1.4-2 2-1.2 2.3-0.4 2.4q0 1.9 0.7 3.3t2.1 2q0.5 0.2 0.7-0.4 0-0.1 0.1-0.5t0.2-0.5q0.1-0.4-0.2-0.8-0.9-1.1-0.9-2.7 0-2.7 1.9-4.6t4.9-2q2.7 0 4.2 1.5t1.5 3.8q0 3-1.2 5.2t-3.1 2.1q-1.1 0-1.7-0.8t-0.4-1.9q0.1-0.6 0.5-1.7t0.5-1.8 0.2-1.4q0-0.9-0.5-1.5t-1.4-0.6q-1.1 0-1.9 1t-0.8 2.6q0 1.3 0.4 2.2l-1.8 7.5q-0.3 1.2-0.2 3.2-3.7-1.6-6-5t-2.3-7.6q0-3.7 1.9-6.9t5-5 6.9-1.9 6.9 1.9 5 5 1.8 6.9z\"\/><\/svg><\/span><span class=\"shariff-text\" style=\"color:#cb2027\">merken<\/span>&nbsp;<span data-service=\"pinterest\" style=\"color:#cb2027\" class=\"shariff-count shariff-hidezero\"><\/span>&nbsp;<\/a><\/li><li class=\"shariff-button whatsapp shariff-nocustomcolor\" style=\"background-color:#5cbe4a\"><a href=\"https:\/\/api.whatsapp.com\/send?text=https%3A%2F%2Fwww.gartenhaus.at%2Fmagazin%2Fgartenhaus-com-award-2025-das-sind-die-schoenen-gewinner-unseres-fotowettbewerbs%2F%20Gartenhaus.com%20Award%202025%3A%20Das%20sind%20die%20sch%C3%B6nen%20Gewinner%20unseres%20Fotowettbewerbs\" title=\"Bei Whatsapp teilen\" aria-label=\"Bei Whatsapp teilen\" role=\"button\" rel=\"noopener nofollow\" class=\"shariff-link\" style=\"; background-color:#34af23; color:#34af23\" target=\"_blank\"><span class=\"shariff-icon\" style=\"fill:#34af23\"><svg width=\"32px\" height=\"20px\" xmlns=\"http:\/\/www.w3.org\/2000\/svg\" viewBox=\"0 0 32 32\"><path fill=\"#34af23\" d=\"M17.6 17.4q0.2 0 1.7 0.8t1.6 0.9q0 0.1 0 0.3 0 0.6-0.3 1.4-0.3 0.7-1.3 1.2t-1.8 0.5q-1 0-3.4-1.1-1.7-0.8-3-2.1t-2.6-3.3q-1.3-1.9-1.3-3.5v-0.1q0.1-1.6 1.3-2.8 0.4-0.4 0.9-0.4 0.1 0 0.3 0t0.3 0q0.3 0 0.5 0.1t0.3 0.5q0.1 0.4 0.6 1.6t0.4 1.3q0 0.4-0.6 1t-0.6 0.8q0 0.1 0.1 0.3 0.6 1.3 1.8 2.4 1 0.9 2.7 1.8 0.2 0.1 0.4 0.1 0.3 0 1-0.9t0.9-0.9zM14 26.9q2.3 0 4.3-0.9t3.6-2.4 2.4-3.6 0.9-4.3-0.9-4.3-2.4-3.6-3.6-2.4-4.3-0.9-4.3 0.9-3.6 2.4-2.4 3.6-0.9 4.3q0 3.6 2.1 6.6l-1.4 4.2 4.3-1.4q2.8 1.9 6.2 1.9zM14 2.2q2.7 0 5.2 1.1t4.3 2.9 2.9 4.3 1.1 5.2-1.1 5.2-2.9 4.3-4.3 2.9-5.2 1.1q-3.5 0-6.5-1.7l-7.4 2.4 2.4-7.2q-1.9-3.2-1.9-6.9 0-2.7 1.1-5.2t2.9-4.3 4.3-2.9 5.2-1.1z\"\/><\/svg><\/span><span class=\"shariff-text\" style=\"color:#34af23\">teilen<\/span>&nbsp;<\/a><\/li><li class=\"shariff-button rss shariff-nocustomcolor\" style=\"background-color:#ff8c00\"><a href=\"\/magazin\/feed\/\" title=\"RSS-feed\" aria-label=\"RSS-feed\" role=\"button\" class=\"shariff-link\" style=\"; background-color:#fe9312; color:#fe9312\" target=\"_blank\"><span class=\"shariff-icon\" style=\"fill:#fe9312\"><svg width=\"32px\" height=\"20px\" xmlns=\"http:\/\/www.w3.org\/2000\/svg\" viewBox=\"0 0 32 32\"><path fill=\"#fe9312\" d=\"M4.3 23.5c-2.3 0-4.3 1.9-4.3 4.3 0 2.3 1.9 4.2 4.3 4.2 2.4 0 4.3-1.9 4.3-4.2 0-2.3-1.9-4.3-4.3-4.3zM0 10.9v6.1c4 0 7.7 1.6 10.6 4.4 2.8 2.8 4.4 6.6 4.4 10.6h6.2c0-11.7-9.5-21.1-21.1-21.1zM0 0v6.1c14.2 0 25.8 11.6 25.8 25.9h6.2c0-17.6-14.4-32-32-32z\"\/><\/svg><\/span><span class=\"shariff-text\" style=\"color:#fe9312\">RSS-feed<\/span>&nbsp;<\/a><\/li><li class=\"shariff-button mailto shariff-nocustomcolor\" style=\"background-color:#a8a8a8\"><a href=\"mailto:?body=https%3A%2F%2Fwww.gartenhaus.at%2Fmagazin%2Fgartenhaus-com-award-2025-das-sind-die-schoenen-gewinner-unseres-fotowettbewerbs%2F&subject=Gartenhaus.com%20Award%202025%3A%20Das%20sind%20die%20sch%C3%B6nen%20Gewinner%20unseres%20Fotowettbewerbs\" title=\"Per E-Mail versenden\" aria-label=\"Per E-Mail versenden\" role=\"button\" rel=\"noopener nofollow\" class=\"shariff-link\" style=\"; background-color:#999; color:#999\"><span class=\"shariff-icon\" style=\"fill:#999\"><svg width=\"32px\" height=\"20px\" xmlns=\"http:\/\/www.w3.org\/2000\/svg\" viewBox=\"0 0 32 32\"><path fill=\"#999\" d=\"M32 12.7v14.2q0 1.2-0.8 2t-2 0.9h-26.3q-1.2 0-2-0.9t-0.8-2v-14.2q0.8 0.9 1.8 1.6 6.5 4.4 8.9 6.1 1 0.8 1.6 1.2t1.7 0.9 2 0.4h0.1q0.9 0 2-0.4t1.7-0.9 1.6-1.2q3-2.2 8.9-6.1 1-0.7 1.8-1.6zM32 7.4q0 1.4-0.9 2.7t-2.2 2.2q-6.7 4.7-8.4 5.8-0.2 0.1-0.7 0.5t-1 0.7-0.9 0.6-1.1 0.5-0.9 0.2h-0.1q-0.4 0-0.9-0.2t-1.1-0.5-0.9-0.6-1-0.7-0.7-0.5q-1.6-1.1-4.7-3.2t-3.6-2.6q-1.1-0.7-2.1-2t-1-2.5q0-1.4 0.7-2.3t2.1-0.9h26.3q1.2 0 2 0.8t0.9 2z\"\/><\/svg><\/span><span class=\"shariff-text\" style=\"color:#999\">E-Mail<\/span>&nbsp;<\/a><\/li><\/ul><\/div>","protected":false},"excerpt":{"rendered":"<p>Kreativit\u00e4t, Liebe zum Detail und ganz pers\u00f6nliche Gartenideen standen im Fokus unseres Gartenhaus.com Award Fotowettbewerbs 2025. Die Vielzahl an beeindruckenden Einsendungen hat uns die Auswahl wahrlich nicht leicht gemacht. Doch jetzt ist es so weit: Wir stellen die Gewinner und ihre wundersch\u00f6nen Projekte vor. Schau rein und entdecke direkt Inspirationen f\u00fcr dein n\u00e4chstes Gartenprojekt.<\/p>\n","protected":false},"author":2,"featured_media":48670,"comment_status":"open","ping_status":"closed","sticky":false,"template":"","format":"standard","meta":{"footnotes":""},"categories":[5941],"tags":[5928,5945,5932,5933,5939],"class_list":["post-48659","post","type-post","status-publish","format-standard","has-post-thumbnail","hentry","category-gewinnspiele","tag-einrichtung","tag-fotowettbewerb","tag-gartenhaeuser","tag-kundenprojekte","tag-sauna"],"yoast_head":"<!-- This site is optimized with the Yoast SEO Premium plugin v15.0 - https:\/\/yoast.com\/wordpress\/plugins\/seo\/ -->\n<title>Gartenhaus.com Award 2025: Die Gewinner unseres Fotowettbewerbs<\/title>\n<meta name=\"description\" content=\"Traumhafte Gartenh\u00e4user\/Saunen &amp; echte Gewinner: Entdecke jetzt die Gewinner + Fotos unseres Gartenhaus.com Award Fotowettbewerbs 2025!\" \/>\n<meta name=\"robots\" content=\"index, follow, max-snippet:-1, max-image-preview:large, max-video-preview:-1\" \/>\n<link rel=\"canonical\" href=\"https:\/\/www.gartenhaus.at\/magazin\/gartenhaus-com-award-2025-das-sind-die-schoenen-gewinner-unseres-fotowettbewerbs\/\" \/>\n<meta property=\"og:locale\" content=\"de_DE\" \/>\n<meta property=\"og:type\" content=\"article\" \/>\n<meta property=\"og:title\" content=\"Gartenhaus.com Award: Die sch\u00f6nen Gewinner unseres 2025 Fotowettbewerbs\" \/>\n<meta property=\"og:description\" content=\"Traumhafte Gartenh\u00e4user\/Saunen &amp; echte Gewinner: Entdecke jetzt die Gewinner + Fotos unseres Gartenhaus.com Award Fotowettbewerbs 2025!\" \/>\n<meta property=\"og:url\" content=\"https:\/\/www.gartenhaus.at\/magazin\/gartenhaus-com-award-2025-das-sind-die-schoenen-gewinner-unseres-fotowettbewerbs\/\" \/>\n<meta property=\"og:site_name\" content=\"Gartenhaus.com Magazin\" \/>\n<meta property=\"article:published_time\" content=\"2026-01-30T14:34:19+00:00\" \/>\n<meta property=\"article:modified_time\" content=\"2026-02-13T06:36:56+00:00\" \/>\n<meta property=\"og:image\" content=\"https:\/\/www.gartenhaus.at\/magazin\/wp-content\/uploads\/2026\/01\/gartenhaus-fotowettbewerb-gewinner-2026.jpg\" \/>\n\t<meta property=\"og:image:width\" content=\"824\" \/>\n\t<meta property=\"og:image:height\" content=\"550\" \/>\n<meta name=\"twitter:card\" content=\"summary\" \/>\n<script type=\"application\/ld+json\" class=\"yoast-schema-graph\">{\"@context\":\"https:\/\/schema.org\",\"@graph\":[{\"@type\":\"WebSite\",\"@id\":\"https:\/\/www.gartenhaus.at\/magazin\/#website\",\"url\":\"https:\/\/www.gartenhaus.at\/magazin\/\",\"name\":\"Gartenhaus.com Magazin\",\"description\":\"Dein Onlineshop rund um das Gartenhaus\",\"potentialAction\":[{\"@type\":\"SearchAction\",\"target\":\"https:\/\/www.gartenhaus.at\/magazin\/?s={search_term_string}\",\"query-input\":\"required name=search_term_string\"}],\"inLanguage\":\"de-AT\"},{\"@type\":\"ImageObject\",\"@id\":\"https:\/\/www.gartenhaus.at\/magazin\/gartenhaus-com-award-2025-das-sind-die-schoenen-gewinner-unseres-fotowettbewerbs\/#primaryimage\",\"inLanguage\":\"de-AT\",\"url\":\"https:\/\/www.gartenhaus.at\/magazin\/wp-content\/uploads\/2026\/01\/gartenhaus-fotowettbewerb-gewinner-2026.jpg\",\"width\":824,\"height\":550,\"caption\":\"Gartenhaus.com Fotowettbewerb Gewinner 2025\"},{\"@type\":\"WebPage\",\"@id\":\"https:\/\/www.gartenhaus.at\/magazin\/gartenhaus-com-award-2025-das-sind-die-schoenen-gewinner-unseres-fotowettbewerbs\/#webpage\",\"url\":\"https:\/\/www.gartenhaus.at\/magazin\/gartenhaus-com-award-2025-das-sind-die-schoenen-gewinner-unseres-fotowettbewerbs\/\",\"name\":\"Gartenhaus.com Award 2025: Die Gewinner unseres Fotowettbewerbs\",\"isPartOf\":{\"@id\":\"https:\/\/www.gartenhaus.at\/magazin\/#website\"},\"primaryImageOfPage\":{\"@id\":\"https:\/\/www.gartenhaus.at\/magazin\/gartenhaus-com-award-2025-das-sind-die-schoenen-gewinner-unseres-fotowettbewerbs\/#primaryimage\"},\"datePublished\":\"2026-01-30T14:34:19+00:00\",\"dateModified\":\"2026-02-13T06:36:56+00:00\",\"author\":{\"@id\":\"https:\/\/www.gartenhaus.at\/magazin\/#\/schema\/person\/5b9bfc960f102bc5fc6ef396333e26a8\"},\"description\":\"Traumhafte Gartenh\\u00e4user\/Saunen & echte Gewinner: Entdecke jetzt die Gewinner + Fotos unseres Gartenhaus.com Award Fotowettbewerbs 2025!\",\"inLanguage\":\"de-AT\",\"potentialAction\":[{\"@type\":\"ReadAction\",\"target\":[\"https:\/\/www.gartenhaus.at\/magazin\/gartenhaus-com-award-2025-das-sind-die-schoenen-gewinner-unseres-fotowettbewerbs\/\"]}]},{\"@type\":\"Person\",\"@id\":\"https:\/\/www.gartenhaus.at\/magazin\/#\/schema\/person\/5b9bfc960f102bc5fc6ef396333e26a8\",\"name\":\"gartenhausgmbh\",\"image\":{\"@type\":\"ImageObject\",\"@id\":\"https:\/\/www.gartenhaus.at\/magazin\/#personlogo\",\"inLanguage\":\"de-AT\",\"url\":\"https:\/\/secure.gravatar.com\/avatar\/0c29c68dc20e65ba9790e5bbd7f7f0b76adf73a561e145dfffee0491eb1b106d?s=96&d=identicon&r=g\",\"caption\":\"gartenhausgmbh\"}}]}<\/script>\n<!-- \/ Yoast SEO Premium plugin. -->","_links":{"self":[{"href":"https:\/\/www.gartenhaus.at\/magazin\/wp-json\/wp\/v2\/posts\/48659","targetHints":{"allow":["GET"]}}],"collection":[{"href":"https:\/\/www.gartenhaus.at\/magazin\/wp-json\/wp\/v2\/posts"}],"about":[{"href":"https:\/\/www.gartenhaus.at\/magazin\/wp-json\/wp\/v2\/types\/post"}],"author":[{"embeddable":true,"href":"https:\/\/www.gartenhaus.at\/magazin\/wp-json\/wp\/v2\/users\/2"}],"replies":[{"embeddable":true,"href":"https:\/\/www.gartenhaus.at\/magazin\/wp-json\/wp\/v2\/comments?post=48659"}],"version-history":[{"count":0,"href":"https:\/\/www.gartenhaus.at\/magazin\/wp-json\/wp\/v2\/posts\/48659\/revisions"}],"wp:featuredmedia":[{"embeddable":true,"href":"https:\/\/www.gartenhaus.at\/magazin\/wp-json\/wp\/v2\/media\/48670"}],"wp:attachment":[{"href":"https:\/\/www.gartenhaus.at\/magazin\/wp-json\/wp\/v2\/media?parent=48659"}],"wp:term":[{"taxonomy":"category","embeddable":true,"href":"https:\/\/www.gartenhaus.at\/magazin\/wp-json\/wp\/v2\/categories?post=48659"},{"taxonomy":"post_tag","embeddable":true,"href":"https:\/\/www.gartenhaus.at\/magazin\/wp-json\/wp\/v2\/tags?post=48659"}],"curies":[{"name":"wp","href":"https:\/\/api.w.org\/{rel}","templated":true}]}}